{"id":3815,"date":"2026-02-02T09:56:53","date_gmt":"2026-02-02T15:56:53","guid":{"rendered":"https:\/\/girasolmultimedios.com\/portal\/?p=3815"},"modified":"2026-02-02T09:56:54","modified_gmt":"2026-02-02T15:56:54","slug":"nasry-asfura-felicita-a-laura-fernandez-por-su-triunfo-en-costa-rica","status":"publish","type":"post","link":"https:\/\/girasolmultimedios.com\/portal\/nasry-asfura-felicita-a-laura-fernandez-por-su-triunfo-en-costa-rica\/","title":{"rendered":"Nasry Asfura felicita a Laura Fern\u00e1ndez por su triunfo en Costa Rica"},"content":{"rendered":"\n<p>El presidente de Honduras, Nasry Asfura, felicit\u00f3 a Laura Fern\u00e1ndez por su triunfo en las elecciones presidenciales de Costa Rica y destac\u00f3 el valor de la voluntad democr\u00e1tica del pueblo costarricense.<\/p>\n\n\n\n<p>A trav\u00e9s de un mensaje p\u00fablico, Asfura inform\u00f3 que se comunic\u00f3 personalmente con la mandataria electa para expresarle sus felicitaciones.<\/p>\n\n\n\n<p>\u201cLa noche de ayer tuve el honor de comunicarme con Laura Fern\u00e1ndez para expresarle mis felicitaciones por su triunfo en las elecciones de Costa Rica, resultado de la voluntad democr\u00e1tica de su pueblo\u201d, se\u00f1al\u00f3.<\/p>\n\n\n\n<p>El jefe del Ejecutivo hondure\u00f1o manifest\u00f3 su deseo de \u00e9xito a Fern\u00e1ndez en esta nueva etapa de gobierno y subray\u00f3 la importancia del respeto a la democracia y la institucionalidad en la regi\u00f3n.<\/p>\n\n\n\n<p>\u201cLe deseo \u00e9xito en esta nueva etapa de gobierno, con la convicci\u00f3n de que el respeto a la democracia, la institucionalidad y la cooperaci\u00f3n entre naciones hermanas fortalecen a nuestra regi\u00f3n\u201d, expres\u00f3.<\/p>\n\n\n\n<p>Asimismo, Asfura encomend\u00f3 a la presidenta electa y al pueblo costarricense a la gu\u00eda divina.<\/p>\n\n\n\n<p>\u201cQue Dios la gu\u00ede en esta alta responsabilidad y bendiga al pueblo costarricense\u201d, concluy\u00f3.<\/p>\n","protected":false},"excerpt":{"rendered":"<p>El presidente de Honduras, Nasry Asfura, felicit\u00f3 a Laura Fern\u00e1ndez por su triunfo en las elecciones presidenciales de Costa Rica y destac\u00f3 el valor de la voluntad democr\u00e1tica del pueblo costarricense. A trav\u00e9s de un mensaje p\u00fablico, Asfura inform\u00f3 que se comunic\u00f3 personalmente con la mandataria electa para expresarle sus felicitaciones. \u201cLa noche de ayer [&hellip;]<\/p>\n","protected":false},"author":2,"featured_media":3816,"comment_status":"closed","ping_status":"open","sticky":false,"template":"","format":"standard","meta":{"_seopress_robots_primary_cat":"","_seopress_titles_title":"","_seopress_titles_desc":"","_seopress_robots_index":"","footnotes":""},"categories":[1],"tags":[],"class_list":["post-3815","post","type-post","status-publish","format-standard","has-post-thumbnail","hentry","category-sin-categoria"],"_links":{"self":[{"href":"https:\/\/girasolmultimedios.com\/portal\/wp-json\/wp\/v2\/posts\/3815","targetHints":{"allow":["GET"]}}],"collection":[{"href":"https:\/\/girasolmultimedios.com\/portal\/wp-json\/wp\/v2\/posts"}],"about":[{"href":"https:\/\/girasolmultimedios.com\/portal\/wp-json\/wp\/v2\/types\/post"}],"author":[{"embeddable":true,"href":"https:\/\/girasolmultimedios.com\/portal\/wp-json\/wp\/v2\/users\/2"}],"replies":[{"embeddable":true,"href":"https:\/\/girasolmultimedios.com\/portal\/wp-json\/wp\/v2\/comments?post=3815"}],"version-history":[{"count":1,"href":"https:\/\/girasolmultimedios.com\/portal\/wp-json\/wp\/v2\/posts\/3815\/revisions"}],"predecessor-version":[{"id":3817,"href":"https:\/\/girasolmultimedios.com\/portal\/wp-json\/wp\/v2\/posts\/3815\/revisions\/3817"}],"wp:featuredmedia":[{"embeddable":true,"href":"https:\/\/girasolmultimedios.com\/portal\/wp-json\/wp\/v2\/media\/3816"}],"wp:attachment":[{"href":"https:\/\/girasolmultimedios.com\/portal\/wp-json\/wp\/v2\/media?parent=3815"}],"wp:term":[{"taxonomy":"category","embeddable":true,"href":"https:\/\/girasolmultimedios.com\/portal\/wp-json\/wp\/v2\/categories?post=3815"},{"taxonomy":"post_tag","embeddable":true,"href":"https:\/\/girasolmultimedios.com\/portal\/wp-json\/wp\/v2\/tags?post=3815"}],"curies":[{"name":"wp","href":"https:\/\/api.w.org\/{rel}","templated":true}]}}