{"id":3818,"date":"2026-02-02T09:58:19","date_gmt":"2026-02-02T15:58:19","guid":{"rendered":"https:\/\/girasolmultimedios.com\/portal\/?p=3818"},"modified":"2026-02-02T09:58:19","modified_gmt":"2026-02-02T15:58:19","slug":"costa-rica-consolida-su-giro-a-la-derecha-con-laura-fernandez-como-proxima-presidenta","status":"publish","type":"post","link":"https:\/\/girasolmultimedios.com\/portal\/costa-rica-consolida-su-giro-a-la-derecha-con-laura-fernandez-como-proxima-presidenta\/","title":{"rendered":"Costa Rica consolida su giro a la derecha con Laura Fern\u00e1ndez como pr\u00f3xima presidenta"},"content":{"rendered":"\n<p>Con la elecci\u00f3n este domingo de la oficialista Laura Fern\u00e1ndez como la pr\u00f3xima presidenta para el periodo 2026-2030, Costa Rica ratific\u00f3 el giro hacia la derecha y se encamina a cambios \u00abprofundos e irreversibles\u00bb, mientras que la oposici\u00f3n ha advertido que no permitir\u00e1 \u00abcosas indebidas\u00bb.<\/p>\n\n\n\n<p>La presidenta electa, quien comenzar\u00e1 su mandato el pr\u00f3ximo 8 de mayo, anunci\u00f3 este domingo en su discurso de victoria un \u00abcambio profundo e irreversible\u00bb para fundar \u00abla tercera rep\u00fablica\u00bb, y prometi\u00f3 a la oposici\u00f3n que su Gobierno ser\u00e1 de \u00abdi\u00e1logo y conciliaci\u00f3n\u00bb.<\/p>\n\n\n\n<p>\u00abNos toca edificar la tercera rep\u00fablica. El mandato que me da el pueblo soberano es claro, el cambio ser\u00e1 profundo e irreversible\u00bb, expres\u00f3 Fern\u00e1ndez desde una tarima ubicada en las afueras de un hotel de San Jos\u00e9, donde se reunieron cientos de sus seguidores.<\/p>\n\n\n\n<p>En Costa Rica se conoce como segunda rep\u00fablica los cambio pol\u00edticos que surgieron despu\u00e9s de la guerra civil de 1948, como por ejemplo la abolici\u00f3n del Ej\u00e9rcito y la redacci\u00f3n de una nueva Constituci\u00f3n Pol\u00edtica.<\/p>\n\n\n\n<p>Fern\u00e1ndez, polit\u00f3loga de 39 a\u00f1os, no detall\u00f3 los cambios que quiere impulsar en la \u00abtercera rep\u00fablica\u00bb, pero durante su campa\u00f1a prometi\u00f3 reformar el Poder Judicial y otras instituciones del Estado, al tiempo que l\u00edderes de su partido reconocieron que uno de los objetivos es reformar la Constituci\u00f3n Pol\u00edtica para permitir la reelecci\u00f3n consecutiva.<\/p>\n\n\n\n<p>La presidenta electa, quien obtuvo el 48,5 % de los votos con el 88,4 % de las mesas escrutadas, muy por encima del 40 % necesario para triunfar en primera ronda, dijo que ella es \u00abuna dem\u00f3crata convencida\u00bb y una \u00abdefensora de la libertad, de la vida y de la familia\u00bb.<\/p>\n\n\n\n<p>Fern\u00e1ndez tambi\u00e9n sostuvo una llamada con el presidente Rodrigo Chaves, un economista de derecha con altos niveles de popularidad y de quien fue ministra de la Presidencia y de Planificaci\u00f3n, a quien agradeci\u00f3 el \u00abejemplo\u00bb dado a lo largo de su Gobierno.<\/p>\n\n\n\n<p>El Partido Pueblo Soberano de Fern\u00e1ndez obtuvo 30 de los 57 diputados del Congreso, seg\u00fan los datos preliminares, pero deber\u00e1 buscar acuerdos para las reformas profundas que requieran el voto de dos terceras partes del Legislativo.<\/p>\n\n\n\n<p>La oposici\u00f3n estar\u00e1 encabezada por el socialdem\u00f3crata Partido Liberaci\u00f3n Nacional, cuyo candidato \u00c1lvaro Ramos obtuvo el 33,3 % de los votos y advirti\u00f3 que no permitir\u00e1 actos indebidos.<\/p>\n\n\n\n<p>\u00abLe deseo a do\u00f1a Laura Fern\u00e1ndez que Dios le d\u00e9 mucha sabidur\u00eda para gobernar y nosotros la respaldaremos cuando sus decisiones sean en bien del pa\u00eds y no lo haremos cuando no estemos de acuerdo\u00bb.<\/p>\n\n\n\n<p>Ramos asegur\u00f3 que su partido ser\u00e1 \u00abuna oposici\u00f3n constructiva\u00bb, pero que \u00abeso no significa que hagan cosas indebidas\u00bb.<\/p>\n\n\n\n<p>\u00abEn democracia se vale discernir y se vale criticar; y tambi\u00e9n demostraremos que podemos cumplir los acuerdos. (\u2026) La sociedad civil tiene que seguir fuerte y participativa, no caigan en su esp\u00edritu de lucha, sigamos trabajando por resolver los problemas todos juntos\u00bb, expres\u00f3.<\/p>\n","protected":false},"excerpt":{"rendered":"<p>Con la elecci\u00f3n este domingo de la oficialista Laura Fern\u00e1ndez como la pr\u00f3xima presidenta para el periodo 2026-2030, Costa Rica ratific\u00f3 el giro hacia la derecha y se encamina a cambios \u00abprofundos e irreversibles\u00bb, mientras que la oposici\u00f3n ha advertido que no permitir\u00e1 \u00abcosas indebidas\u00bb. La presidenta electa, quien comenzar\u00e1 su mandato el pr\u00f3ximo 8 [&hellip;]<\/p>\n","protected":false},"author":2,"featured_media":3819,"comment_status":"closed","ping_status":"open","sticky":false,"template":"","format":"standard","meta":{"_seopress_robots_primary_cat":"","_seopress_titles_title":"","_seopress_titles_desc":"","_seopress_robots_index":"","footnotes":""},"categories":[1],"tags":[],"class_list":["post-3818","post","type-post","status-publish","format-standard","has-post-thumbnail","hentry","category-sin-categoria"],"_links":{"self":[{"href":"https:\/\/girasolmultimedios.com\/portal\/wp-json\/wp\/v2\/posts\/3818","targetHints":{"allow":["GET"]}}],"collection":[{"href":"https:\/\/girasolmultimedios.com\/portal\/wp-json\/wp\/v2\/posts"}],"about":[{"href":"https:\/\/girasolmultimedios.com\/portal\/wp-json\/wp\/v2\/types\/post"}],"author":[{"embeddable":true,"href":"https:\/\/girasolmultimedios.com\/portal\/wp-json\/wp\/v2\/users\/2"}],"replies":[{"embeddable":true,"href":"https:\/\/girasolmultimedios.com\/portal\/wp-json\/wp\/v2\/comments?post=3818"}],"version-history":[{"count":1,"href":"https:\/\/girasolmultimedios.com\/portal\/wp-json\/wp\/v2\/posts\/3818\/revisions"}],"predecessor-version":[{"id":3820,"href":"https:\/\/girasolmultimedios.com\/portal\/wp-json\/wp\/v2\/posts\/3818\/revisions\/3820"}],"wp:featuredmedia":[{"embeddable":true,"href":"https:\/\/girasolmultimedios.com\/portal\/wp-json\/wp\/v2\/media\/3819"}],"wp:attachment":[{"href":"https:\/\/girasolmultimedios.com\/portal\/wp-json\/wp\/v2\/media?parent=3818"}],"wp:term":[{"taxonomy":"category","embeddable":true,"href":"https:\/\/girasolmultimedios.com\/portal\/wp-json\/wp\/v2\/categories?post=3818"},{"taxonomy":"post_tag","embeddable":true,"href":"https:\/\/girasolmultimedios.com\/portal\/wp-json\/wp\/v2\/tags?post=3818"}],"curies":[{"name":"wp","href":"https:\/\/api.w.org\/{rel}","templated":true}]}}