{"id":3821,"date":"2026-02-02T09:59:45","date_gmt":"2026-02-02T15:59:45","guid":{"rendered":"https:\/\/girasolmultimedios.com\/portal\/?p=3821"},"modified":"2026-02-02T09:59:45","modified_gmt":"2026-02-02T15:59:45","slug":"exministra-de-salud-no-hizo-ni-un-solo-turno-durante-enero","status":"publish","type":"post","link":"https:\/\/girasolmultimedios.com\/portal\/exministra-de-salud-no-hizo-ni-un-solo-turno-durante-enero\/","title":{"rendered":"Exministra de salud no hizo ni un solo turno durante enero"},"content":{"rendered":"\n<p>SAN LORENZO, Valle.\u00a0Molestos se encuentran los m\u00e9dicos que laboran en el Hospital de San Lorenzo, ya que hicieron turnos durante enero, sin embargo, nunca vieron a la doctora Carla Paredes realizando su labor.<\/p>\n\n\n\n<p>Paredes fungi\u00f3 como ministra de Salud en el gobierno anterior y seg\u00fan un acuerdo ministerial, ella tiene\u00a0plaza de m\u00e9dico de guardia en el hospital del departamento de Valle, sin embargo, no ha ido a realizar sus asignaciones.<\/p>\n\n\n\n<p>La exfuncionaria se otorg\u00f3 la plaza de m\u00e9dico en el Hospital de San Lorenzo en septiembre del 2025, con un salario superior a los 100,000 lempiras mensuales.<\/p>\n\n\n\n<p>Al respecto, la doctora Carolina Flores, quien labora en el sanatorio, dijo que \u201cen el rol de turnos del mes de enero del a\u00f1o en curso hubo 18 profesionales de la medicina realizando la turnicidad, ya que es obligatorio cumplir con las guardias asignadas de forma presencial y Karla Paredes no asisti\u00f3\u201d.<\/p>\n\n\n\n<p>Seis compa\u00f1eros, dijo Flores, no realizaron la turnicidad, ya que algunos est\u00e1n de vacaciones ordinarias y otras profil\u00e1cticas, mismas que fueron solicitadas con 30 d\u00edas de antelaci\u00f3n.<\/p>\n","protected":false},"excerpt":{"rendered":"<p>SAN LORENZO, Valle.\u00a0Molestos se encuentran los m\u00e9dicos que laboran en el Hospital de San Lorenzo, ya que hicieron turnos durante enero, sin embargo, nunca vieron a la doctora Carla Paredes realizando su labor. Paredes fungi\u00f3 como ministra de Salud en el gobierno anterior y seg\u00fan un acuerdo ministerial, ella tiene\u00a0plaza de m\u00e9dico de guardia en [&hellip;]<\/p>\n","protected":false},"author":2,"featured_media":3822,"comment_status":"closed","ping_status":"open","sticky":false,"template":"","format":"standard","meta":{"_seopress_robots_primary_cat":"","_seopress_titles_title":"","_seopress_titles_desc":"","_seopress_robots_index":"","footnotes":""},"categories":[1],"tags":[],"class_list":["post-3821","post","type-post","status-publish","format-standard","has-post-thumbnail","hentry","category-sin-categoria"],"_links":{"self":[{"href":"https:\/\/girasolmultimedios.com\/portal\/wp-json\/wp\/v2\/posts\/3821","targetHints":{"allow":["GET"]}}],"collection":[{"href":"https:\/\/girasolmultimedios.com\/portal\/wp-json\/wp\/v2\/posts"}],"about":[{"href":"https:\/\/girasolmultimedios.com\/portal\/wp-json\/wp\/v2\/types\/post"}],"author":[{"embeddable":true,"href":"https:\/\/girasolmultimedios.com\/portal\/wp-json\/wp\/v2\/users\/2"}],"replies":[{"embeddable":true,"href":"https:\/\/girasolmultimedios.com\/portal\/wp-json\/wp\/v2\/comments?post=3821"}],"version-history":[{"count":1,"href":"https:\/\/girasolmultimedios.com\/portal\/wp-json\/wp\/v2\/posts\/3821\/revisions"}],"predecessor-version":[{"id":3823,"href":"https:\/\/girasolmultimedios.com\/portal\/wp-json\/wp\/v2\/posts\/3821\/revisions\/3823"}],"wp:featuredmedia":[{"embeddable":true,"href":"https:\/\/girasolmultimedios.com\/portal\/wp-json\/wp\/v2\/media\/3822"}],"wp:attachment":[{"href":"https:\/\/girasolmultimedios.com\/portal\/wp-json\/wp\/v2\/media?parent=3821"}],"wp:term":[{"taxonomy":"category","embeddable":true,"href":"https:\/\/girasolmultimedios.com\/portal\/wp-json\/wp\/v2\/categories?post=3821"},{"taxonomy":"post_tag","embeddable":true,"href":"https:\/\/girasolmultimedios.com\/portal\/wp-json\/wp\/v2\/tags?post=3821"}],"curies":[{"name":"wp","href":"https:\/\/api.w.org\/{rel}","templated":true}]}}