{"id":3830,"date":"2026-02-02T10:04:23","date_gmt":"2026-02-02T16:04:23","guid":{"rendered":"https:\/\/girasolmultimedios.com\/portal\/?p=3830"},"modified":"2026-02-02T10:04:24","modified_gmt":"2026-02-02T16:04:24","slug":"asj-exhorta-al-gobierno-y-al-congreso-a-no-repetir-errores-del-pasado-en-eleccion-del-procurador","status":"publish","type":"post","link":"https:\/\/girasolmultimedios.com\/portal\/asj-exhorta-al-gobierno-y-al-congreso-a-no-repetir-errores-del-pasado-en-eleccion-del-procurador\/","title":{"rendered":"ASJ exhorta al gobierno y al Congreso a no repetir \u201cerrores del pasado\u201d en elecci\u00f3n del procurador"},"content":{"rendered":"\n<p>El director ejecutivo de la Asociaci\u00f3n para una Sociedad m\u00e1s Justa (ASJ), Carlos Hern\u00e1ndez, inst\u00f3 al gobierno y al Congreso Nacional de Honduras a evitar pr\u00e1cticas del pasado en el proceso de elecci\u00f3n del procurador y subprocurador general de la Rep\u00fablica.<\/p>\n\n\n\n<p>\u201cNo cometan los mismos errores del pasado: lo que era malo antes sigue siendo malo ahora\u201d, expres\u00f3 Hern\u00e1ndez, al recomendar que las nuevas autoridades prioricen la designaci\u00f3n de personas con trayectoria intachable y sin antecedentes legales.<\/p>\n\n\n\n<p>El representante de ASJ advirti\u00f3 que los cargos p\u00fablicos deben ser ocupados por los perfiles m\u00e1s calificados, independientemente de su filiaci\u00f3n pol\u00edtica. \u201cNo deber\u00edamos estar hablando de integraci\u00f3n para la conformaci\u00f3n de un gabinete, sino de las mejores personas para ocupar los puestos sin distingo de colores pol\u00edticos\u201d, subray\u00f3.<\/p>\n\n\n\n<p>Asimismo, critic\u00f3 el funcionamiento del actual sistema de Servicio Civil, al que calific\u00f3 como \u201carcaico y populista\u201d, al considerar que fomenta la asignaci\u00f3n de cargos basada en lealtades pol\u00edticas m\u00e1s que en m\u00e9ritos profesionales.<\/p>\n\n\n\n<p>Hern\u00e1ndez tambi\u00e9n alert\u00f3 sobre versiones que apuntan a posibles negociaciones en torno al nombramiento del subprocurador.<\/p>\n\n\n\n<p>\u201cNo vayan a poner personas que tengan conflictos con la ley, que hayan estado en prisi\u00f3n o que hayan cometido actos il\u00edcitos\u201d, enfatiz\u00f3.<\/p>\n\n\n\n<h3 class=\"wp-block-heading\">Pide veedur\u00eda para decreto de emergencia<\/h3>\n\n\n\n<p>En otro tema, el titular de ASJ se\u00f1al\u00f3 que el Congreso conocer\u00e1 el lunes un decreto de emergencia, por lo que sugiri\u00f3 garantizar la participaci\u00f3n de organizaciones especializadas en labores de veedur\u00eda, a fin de asegurar transparencia y eficiencia en la gesti\u00f3n de recursos.<\/p>\n\n\n\n<p>Indic\u00f3 que estas medidas permitir\u00edan agilizar la compra de medicamentos, reducir la mora quir\u00fargica y fortalecer la atenci\u00f3n en los centros de dispensaci\u00f3n, aspectos que -afirm\u00f3- resultan urgentes para mejorar el sistema de salud.<\/p>\n","protected":false},"excerpt":{"rendered":"<p>El director ejecutivo de la Asociaci\u00f3n para una Sociedad m\u00e1s Justa (ASJ), Carlos Hern\u00e1ndez, inst\u00f3 al gobierno y al Congreso Nacional de Honduras a evitar pr\u00e1cticas del pasado en el proceso de elecci\u00f3n del procurador y subprocurador general de la Rep\u00fablica. \u201cNo cometan los mismos errores del pasado: lo que era malo antes sigue siendo [&hellip;]<\/p>\n","protected":false},"author":2,"featured_media":3831,"comment_status":"closed","ping_status":"open","sticky":false,"template":"","format":"standard","meta":{"_seopress_robots_primary_cat":"","_seopress_titles_title":"","_seopress_titles_desc":"","_seopress_robots_index":"","footnotes":""},"categories":[1],"tags":[],"class_list":["post-3830","post","type-post","status-publish","format-standard","has-post-thumbnail","hentry","category-sin-categoria"],"_links":{"self":[{"href":"https:\/\/girasolmultimedios.com\/portal\/wp-json\/wp\/v2\/posts\/3830","targetHints":{"allow":["GET"]}}],"collection":[{"href":"https:\/\/girasolmultimedios.com\/portal\/wp-json\/wp\/v2\/posts"}],"about":[{"href":"https:\/\/girasolmultimedios.com\/portal\/wp-json\/wp\/v2\/types\/post"}],"author":[{"embeddable":true,"href":"https:\/\/girasolmultimedios.com\/portal\/wp-json\/wp\/v2\/users\/2"}],"replies":[{"embeddable":true,"href":"https:\/\/girasolmultimedios.com\/portal\/wp-json\/wp\/v2\/comments?post=3830"}],"version-history":[{"count":1,"href":"https:\/\/girasolmultimedios.com\/portal\/wp-json\/wp\/v2\/posts\/3830\/revisions"}],"predecessor-version":[{"id":3832,"href":"https:\/\/girasolmultimedios.com\/portal\/wp-json\/wp\/v2\/posts\/3830\/revisions\/3832"}],"wp:featuredmedia":[{"embeddable":true,"href":"https:\/\/girasolmultimedios.com\/portal\/wp-json\/wp\/v2\/media\/3831"}],"wp:attachment":[{"href":"https:\/\/girasolmultimedios.com\/portal\/wp-json\/wp\/v2\/media?parent=3830"}],"wp:term":[{"taxonomy":"category","embeddable":true,"href":"https:\/\/girasolmultimedios.com\/portal\/wp-json\/wp\/v2\/categories?post=3830"},{"taxonomy":"post_tag","embeddable":true,"href":"https:\/\/girasolmultimedios.com\/portal\/wp-json\/wp\/v2\/tags?post=3830"}],"curies":[{"name":"wp","href":"https:\/\/api.w.org\/{rel}","templated":true}]}}