{"id":3833,"date":"2026-02-02T10:05:37","date_gmt":"2026-02-02T16:05:37","guid":{"rendered":"https:\/\/girasolmultimedios.com\/portal\/?p=3833"},"modified":"2026-02-02T10:05:38","modified_gmt":"2026-02-02T16:05:38","slug":"congreso-convocado-para-elegir-al-procurador-y-subprocurador","status":"publish","type":"post","link":"https:\/\/girasolmultimedios.com\/portal\/congreso-convocado-para-elegir-al-procurador-y-subprocurador\/","title":{"rendered":"Congreso convocado para elegir al procurador y subprocurador"},"content":{"rendered":"\n<p>La vicepresidenta del Congreso Nacional de Honduras, Lissi Cano, confirm\u00f3 que el pleno legislativo ha sido convocado para el pr\u00f3ximo lunes a las 2:00 de la tarde con el fin de elegir al procurador y subprocurador general de la Rep\u00fablica, cargos clave para la representaci\u00f3n legal del Estado.<\/p>\n\n\n\n<p>En declaraciones, la congresista explic\u00f3 que la sesi\u00f3n fue programada en una fecha inusual -ya que el Congreso no suele reunirse los lunes- debido a que ese d\u00eda vence el plazo legal para realizar los nombramientos.<\/p>\n\n\n\n<p>\u201cEl principal punto de agenda ser\u00e1 elegir al procurador y al subprocurador general del Estado. Es sumamente importante hacerlo en esta fecha\u201d, subray\u00f3 Cano, quien cuestion\u00f3 adem\u00e1s la designaci\u00f3n de las actuales autoridades al considerar que fueron impuestas sin cumplir los requisitos establecidos por la ley.<\/p>\n\n\n\n<p>La congresista sostuvo que el Legislativo busca marcar una diferencia mediante la construcci\u00f3n de consensos y la aprobaci\u00f3n de decisiones que respondan a las necesidades del pa\u00eds. \u201cQueremos un Congreso a la medida de Honduras, donde se generen avenidas de salida para el pueblo hondure\u00f1o\u201d, afirm\u00f3.<\/p>\n\n\n\n<p>Cano adelant\u00f3 que otro tema prioritario ser\u00e1 la discusi\u00f3n de una iniciativa relacionada con el bacheo de carreteras, con el objetivo de que las v\u00edas est\u00e9n en condiciones adecuadas antes de la temporada de Semana Santa, periodo en el que se incrementa la movilidad hacia destinos tur\u00edsticos.<\/p>\n\n\n\n<p>Seg\u00fan la legisladora, el gobierno del Presidente Nasry Asfura ha asumido el compromiso de fortalecer el sector turismo como motor de empleo y dinamizaci\u00f3n econ\u00f3mica, tanto para visitantes nacionales como extranjeros.<\/p>\n\n\n\n<h3 class=\"wp-block-heading\">CR\u00cdTICAS POR LA CICIH<\/h3>\n\n\n\n<p>Consultada sobre la publicaci\u00f3n en La Gaceta de la ley relacionada con la Comisi\u00f3n Internacional contra la Corrupci\u00f3n y la Impunidad en Honduras, Cano lanz\u00f3 duras cr\u00edticas a la administraci\u00f3n anterior, al se\u00f1alar que no cumpli\u00f3 con la promesa de instalar el mecanismo anticorrupci\u00f3n.<\/p>\n\n\n\n<p>La vicepresidenta del Congreso sostuvo que la iniciativa anunciada al cierre del gobierno pasado evidenci\u00f3 falta de voluntad pol\u00edtica para combatir la corrupci\u00f3n, y lament\u00f3 que -a su juicio- se haya desaprovechado la oportunidad de concretar la llegada de la comisi\u00f3n.<\/p>\n\n\n\n<p>La sesi\u00f3n del lunes se perfila como una jornada clave para la institucionalidad del pa\u00eds, en momentos en que el Legislativo busca avanzar en nombramientos estrat\u00e9gicos y en proyectos orientados a la reactivaci\u00f3n econ\u00f3mica.<\/p>\n","protected":false},"excerpt":{"rendered":"<p>La vicepresidenta del Congreso Nacional de Honduras, Lissi Cano, confirm\u00f3 que el pleno legislativo ha sido convocado para el pr\u00f3ximo lunes a las 2:00 de la tarde con el fin de elegir al procurador y subprocurador general de la Rep\u00fablica, cargos clave para la representaci\u00f3n legal del Estado. En declaraciones, la congresista explic\u00f3 que la [&hellip;]<\/p>\n","protected":false},"author":2,"featured_media":3834,"comment_status":"closed","ping_status":"open","sticky":false,"template":"","format":"standard","meta":{"_seopress_robots_primary_cat":"","_seopress_titles_title":"","_seopress_titles_desc":"","_seopress_robots_index":"","footnotes":""},"categories":[1],"tags":[],"class_list":["post-3833","post","type-post","status-publish","format-standard","has-post-thumbnail","hentry","category-sin-categoria"],"_links":{"self":[{"href":"https:\/\/girasolmultimedios.com\/portal\/wp-json\/wp\/v2\/posts\/3833","targetHints":{"allow":["GET"]}}],"collection":[{"href":"https:\/\/girasolmultimedios.com\/portal\/wp-json\/wp\/v2\/posts"}],"about":[{"href":"https:\/\/girasolmultimedios.com\/portal\/wp-json\/wp\/v2\/types\/post"}],"author":[{"embeddable":true,"href":"https:\/\/girasolmultimedios.com\/portal\/wp-json\/wp\/v2\/users\/2"}],"replies":[{"embeddable":true,"href":"https:\/\/girasolmultimedios.com\/portal\/wp-json\/wp\/v2\/comments?post=3833"}],"version-history":[{"count":1,"href":"https:\/\/girasolmultimedios.com\/portal\/wp-json\/wp\/v2\/posts\/3833\/revisions"}],"predecessor-version":[{"id":3835,"href":"https:\/\/girasolmultimedios.com\/portal\/wp-json\/wp\/v2\/posts\/3833\/revisions\/3835"}],"wp:featuredmedia":[{"embeddable":true,"href":"https:\/\/girasolmultimedios.com\/portal\/wp-json\/wp\/v2\/media\/3834"}],"wp:attachment":[{"href":"https:\/\/girasolmultimedios.com\/portal\/wp-json\/wp\/v2\/media?parent=3833"}],"wp:term":[{"taxonomy":"category","embeddable":true,"href":"https:\/\/girasolmultimedios.com\/portal\/wp-json\/wp\/v2\/categories?post=3833"},{"taxonomy":"post_tag","embeddable":true,"href":"https:\/\/girasolmultimedios.com\/portal\/wp-json\/wp\/v2\/tags?post=3833"}],"curies":[{"name":"wp","href":"https:\/\/api.w.org\/{rel}","templated":true}]}}