{"id":3848,"date":"2026-02-03T09:58:41","date_gmt":"2026-02-03T15:58:41","guid":{"rendered":"https:\/\/girasolmultimedios.com\/portal\/?p=3848"},"modified":"2026-02-03T09:58:42","modified_gmt":"2026-02-03T15:58:42","slug":"virgen-de-suyapa-es-signo-de-fe-que-nunca-deja-a-hondurenos","status":"publish","type":"post","link":"https:\/\/girasolmultimedios.com\/portal\/virgen-de-suyapa-es-signo-de-fe-que-nunca-deja-a-hondurenos\/","title":{"rendered":"Virgen de Suyapa es signo de fe que nunca deja a hondure\u00f1os"},"content":{"rendered":"\n<p>En el marco de la celebraci\u00f3n del 279 aniversario del hallazgo de la Virgen de Suyapa, el capell\u00e1n de las Fuerzas Armadas de Honduras (FF. AA.), Javier Mart\u00ednez, presidi\u00f3 la misa solemne en el santuario nacional.<\/p>\n\n\n\n<p>El religioso exhort\u00f3 a los hondure\u00f1os a no ocultarse m\u00e1s en la corrupci\u00f3n, la injusticia y la desesperanza, a la vez que record\u00f3 que la Virgen de Suyapa es un signo de fe que nunca abandona al pueblo hondure\u00f1o, incluso en los momentos m\u00e1s dif\u00edciles.<\/p>\n\n\n\n<p>Mart\u00ednez afirm\u00f3 que \u201cHonduras no merece estar ca\u00edda, ni vaciarse de sus principios y valores, Honduras es rica por sus virtudes y hoy debemos responderle a Dios levant\u00e1ndonos de nuestras ca\u00eddas con generosidad\u201d.<\/p>\n\n\n\n<p>En su mensaje, tambi\u00e9n advirti\u00f3 sobre el flagelo de la migraci\u00f3n, que para muchos se ha convertido en la \u00fanica salida, instando a buscar soluciones dentro del pa\u00eds.<\/p>\n\n\n\n<p>El capell\u00e1n destac\u00f3 que la lectura b\u00edblica del d\u00eda plantea la pregunta \u201c\u00bfd\u00f3nde est\u00e1s?\u201d, interpretada como un clamor divino que invita a la naci\u00f3n a reflexionar sobre su rumbo.<\/p>\n\n\n\n<p>Record\u00f3 que la Virgen de Suyapa apareci\u00f3 hace 279 a\u00f1os, en la humildad y sencillez de unos campesinos, no en palacios ni centros de poder, lo que simboliza la cercan\u00eda de la fe con el pueblo.<\/p>\n\n\n\n<p>La misa se convirti\u00f3 en un espacio de renovaci\u00f3n espiritual y compromiso social, reafirmando que la devoci\u00f3n a la Virgen de Suyapa sigue siendo un pilar de identidad y esperanza para Honduras.<\/p>\n\n\n\n<p><\/p>\n","protected":false},"excerpt":{"rendered":"<p>En el marco de la celebraci\u00f3n del 279 aniversario del hallazgo de la Virgen de Suyapa, el capell\u00e1n de las Fuerzas Armadas de Honduras (FF. AA.), Javier Mart\u00ednez, presidi\u00f3 la misa solemne en el santuario nacional. El religioso exhort\u00f3 a los hondure\u00f1os a no ocultarse m\u00e1s en la corrupci\u00f3n, la injusticia y la desesperanza, a [&hellip;]<\/p>\n","protected":false},"author":2,"featured_media":3849,"comment_status":"closed","ping_status":"open","sticky":false,"template":"","format":"standard","meta":{"_seopress_robots_primary_cat":"","_seopress_titles_title":"","_seopress_titles_desc":"","_seopress_robots_index":"","footnotes":""},"categories":[1],"tags":[],"class_list":["post-3848","post","type-post","status-publish","format-standard","has-post-thumbnail","hentry","category-sin-categoria"],"_links":{"self":[{"href":"https:\/\/girasolmultimedios.com\/portal\/wp-json\/wp\/v2\/posts\/3848","targetHints":{"allow":["GET"]}}],"collection":[{"href":"https:\/\/girasolmultimedios.com\/portal\/wp-json\/wp\/v2\/posts"}],"about":[{"href":"https:\/\/girasolmultimedios.com\/portal\/wp-json\/wp\/v2\/types\/post"}],"author":[{"embeddable":true,"href":"https:\/\/girasolmultimedios.com\/portal\/wp-json\/wp\/v2\/users\/2"}],"replies":[{"embeddable":true,"href":"https:\/\/girasolmultimedios.com\/portal\/wp-json\/wp\/v2\/comments?post=3848"}],"version-history":[{"count":1,"href":"https:\/\/girasolmultimedios.com\/portal\/wp-json\/wp\/v2\/posts\/3848\/revisions"}],"predecessor-version":[{"id":3850,"href":"https:\/\/girasolmultimedios.com\/portal\/wp-json\/wp\/v2\/posts\/3848\/revisions\/3850"}],"wp:featuredmedia":[{"embeddable":true,"href":"https:\/\/girasolmultimedios.com\/portal\/wp-json\/wp\/v2\/media\/3849"}],"wp:attachment":[{"href":"https:\/\/girasolmultimedios.com\/portal\/wp-json\/wp\/v2\/media?parent=3848"}],"wp:term":[{"taxonomy":"category","embeddable":true,"href":"https:\/\/girasolmultimedios.com\/portal\/wp-json\/wp\/v2\/categories?post=3848"},{"taxonomy":"post_tag","embeddable":true,"href":"https:\/\/girasolmultimedios.com\/portal\/wp-json\/wp\/v2\/tags?post=3848"}],"curies":[{"name":"wp","href":"https:\/\/api.w.org\/{rel}","templated":true}]}}