{"id":3884,"date":"2026-02-04T09:44:03","date_gmt":"2026-02-04T15:44:03","guid":{"rendered":"https:\/\/girasolmultimedios.com\/portal\/?p=3884"},"modified":"2026-02-04T09:44:04","modified_gmt":"2026-02-04T15:44:04","slug":"el-zar-de-la-frontera-de-trump-retira-700-agentes-migratorios-de-mineapolis","status":"publish","type":"post","link":"https:\/\/girasolmultimedios.com\/portal\/el-zar-de-la-frontera-de-trump-retira-700-agentes-migratorios-de-mineapolis\/","title":{"rendered":"El \u00abzar de la frontera\u00bb de Trump retira 700 agentes migratorios de Mine\u00e1polis"},"content":{"rendered":"\n<p>El \u00abzar de la frontera\u00bb de la Administraci\u00f3n Trump, Tom Homan, anunci\u00f3 este mi\u00e9rcoles que retirar\u00e1 a unos 700 agentes migratorios del estado de Minesota y la ciudad de Mine\u00e1polis por la cooperaci\u00f3n \u00absin precedentes\u00bb de las autoridades locales y despu\u00e9s de constantes protestas de los ciudadanos contra una presencia que ha provocado dos muertes a tiros de estadounidenses inocentes, y la detenci\u00f3n y acoso de residentes, incluido menores en edad escolar.<\/p>\n\n\n\n<p>\u00abDebido este aumento sin precedentes de la colaboraci\u00f3n (de entidades locales en Minesota) y por la necesidad de menos agentes para hacer este trabajo en un entorno m\u00e1s seguro, anuncio que de manera inmediata vamos a rebajar nuestra presencia en 700 agentes hoy mismo\u00bb, asegur\u00f3 Homan en una rueda de prensa desde Mine\u00e1polis, una semana despu\u00e9s de que Donald Trump lo enviara para reconducir la situaci\u00f3n en Mine\u00e1polis.<\/p>\n\n\n\n<p>Homan detall\u00f3 que los condados de Minesota y las autoridades de las llamadas \u00abCiudades Gemelas\u00bb de Saint Paul y Mine\u00e1polis entregar\u00e1n a agentes federales de inmigraci\u00f3n aquellas personas que arresten y no tengan estatus legal en Estados Unidos, lo cu\u00e1l requiere menos presencia del ICE o la Patrulla Fronteriza en las calles.<\/p>\n\n\n\n<p>Seg\u00fan indic\u00f3 Homan, \u00abesto es hacer cumplir la ley de manera m\u00e1s inteligente y no menor aplicaci\u00f3n de la ley. Es m\u00e1s seguro para las comunidades, para los agentes y para los indocumentados\u00bb.<\/p>\n\n\n\n<p>Homan asegur\u00f3 que la operaci\u00f3n de Mine\u00e1polis, que se ha saldado con la muerte a tiros de los estadounidenses Renee Good y Alex Pretti a manos de de agentes federales y la detenci\u00f3n del ni\u00f1o ecuatoriano de 5 a\u00f1os Liam Conejo Ramos junto a su padre, ha sido un \u00ab\u00e9xito\u00bb, aunque se podr\u00edan haber hecho las cosas mejor.<\/p>\n\n\n\n<p>\u00abHemos sacado a un mont\u00f3n de gente (criminales, seg\u00fan sus declaraciones) de las calles, as\u00ed que creo que ha sido muy efectiva en lo relativo a la seguridad \u00bfHa sido una operaci\u00f3n perfecta? No\u00bb, a\u00f1adi\u00f3.<\/p>\n\n\n\n<p>Homan asegur\u00f3 que est\u00e1 teniendo una buena relaci\u00f3n y productivas reuniones con el gobernador de Minesota, Tim Walz, y el alcalde de Mine\u00e1polis, Jacob Frey, que han criticado duramente el despliegue federal por no favorecer la seguridad y provocar tensi\u00f3n y que los ciudadanos no puedan llevar vidas normales.<\/p>\n\n\n\n<p>Tras el homicidio de Pretti el 24 de enero, Trump decidi\u00f3 poner a Homan al frente al reconocer la necesidad de \u00abdesescalar un poco\u00bb la situaci\u00f3n en un estado y una ciudad gobernadas por dem\u00f3cratas.<strong>&nbsp;<\/strong><\/p>\n","protected":false},"excerpt":{"rendered":"<p>El \u00abzar de la frontera\u00bb de la Administraci\u00f3n Trump, Tom Homan, anunci\u00f3 este mi\u00e9rcoles que retirar\u00e1 a unos 700 agentes migratorios del estado de Minesota y la ciudad de Mine\u00e1polis por la cooperaci\u00f3n \u00absin precedentes\u00bb de las autoridades locales y despu\u00e9s de constantes protestas de los ciudadanos contra una presencia que ha provocado dos muertes [&hellip;]<\/p>\n","protected":false},"author":2,"featured_media":3885,"comment_status":"closed","ping_status":"open","sticky":false,"template":"","format":"standard","meta":{"_seopress_robots_primary_cat":"","_seopress_titles_title":"","_seopress_titles_desc":"","_seopress_robots_index":"","footnotes":""},"categories":[1],"tags":[],"class_list":["post-3884","post","type-post","status-publish","format-standard","has-post-thumbnail","hentry","category-sin-categoria"],"_links":{"self":[{"href":"https:\/\/girasolmultimedios.com\/portal\/wp-json\/wp\/v2\/posts\/3884","targetHints":{"allow":["GET"]}}],"collection":[{"href":"https:\/\/girasolmultimedios.com\/portal\/wp-json\/wp\/v2\/posts"}],"about":[{"href":"https:\/\/girasolmultimedios.com\/portal\/wp-json\/wp\/v2\/types\/post"}],"author":[{"embeddable":true,"href":"https:\/\/girasolmultimedios.com\/portal\/wp-json\/wp\/v2\/users\/2"}],"replies":[{"embeddable":true,"href":"https:\/\/girasolmultimedios.com\/portal\/wp-json\/wp\/v2\/comments?post=3884"}],"version-history":[{"count":1,"href":"https:\/\/girasolmultimedios.com\/portal\/wp-json\/wp\/v2\/posts\/3884\/revisions"}],"predecessor-version":[{"id":3886,"href":"https:\/\/girasolmultimedios.com\/portal\/wp-json\/wp\/v2\/posts\/3884\/revisions\/3886"}],"wp:featuredmedia":[{"embeddable":true,"href":"https:\/\/girasolmultimedios.com\/portal\/wp-json\/wp\/v2\/media\/3885"}],"wp:attachment":[{"href":"https:\/\/girasolmultimedios.com\/portal\/wp-json\/wp\/v2\/media?parent=3884"}],"wp:term":[{"taxonomy":"category","embeddable":true,"href":"https:\/\/girasolmultimedios.com\/portal\/wp-json\/wp\/v2\/categories?post=3884"},{"taxonomy":"post_tag","embeddable":true,"href":"https:\/\/girasolmultimedios.com\/portal\/wp-json\/wp\/v2\/tags?post=3884"}],"curies":[{"name":"wp","href":"https:\/\/api.w.org\/{rel}","templated":true}]}}