{"id":3888,"date":"2026-02-04T09:47:32","date_gmt":"2026-02-04T15:47:32","guid":{"rendered":"https:\/\/girasolmultimedios.com\/portal\/?p=3888"},"modified":"2026-02-04T09:47:33","modified_gmt":"2026-02-04T15:47:33","slug":"rashid-mejia-advierte-al-fiscal-johel-zelaya-sobre-caso-sedesol","status":"publish","type":"post","link":"https:\/\/girasolmultimedios.com\/portal\/rashid-mejia-advierte-al-fiscal-johel-zelaya-sobre-caso-sedesol\/","title":{"rendered":"Rashid Mej\u00eda advierte al Fiscal Johel Zelaya sobre caso Sedesol"},"content":{"rendered":"\n<p>El diputado del Partido Liberal, Rashid Mej\u00eda, lanz\u00f3 fuertes cr\u00edticas contra el&nbsp;Ministerio P\u00fablico&nbsp;al advertir que algunos casos de corrupci\u00f3n podr\u00edan utilizarse como \u201ccortinas de humo\u201d y parte de un \u201cshow medi\u00e1tico\u201d, entre ellos el denominado caso \u201cChequesol\u201d y otros expedientes que se dar\u00e1n a conocer en los pr\u00f3ximos d\u00edas.<\/p>\n\n\n\n<p>Mej\u00eda expres\u00f3 preocupaci\u00f3n por la forma en que las autoridades manejan estas investigaciones y pidi\u00f3 al fiscal general actuar con transparencia, objetividad y sin selectividad en la aplicaci\u00f3n de la justicia.<\/p>\n\n\n\n<p>El congresista anunci\u00f3 que este martes promover\u00e1 una manifestaci\u00f3n para exigir que el fiscal general comparezca ante el Congreso Nacional y rinda cuentas sobre el trabajo del Ministerio P\u00fablico y el avance real de los procesos contra la corrupci\u00f3n.<\/p>\n\n\n\n<p>El parlamentario enfatiz\u00f3 que los responsables de actos corruptos deben enfrentar la justicia y rechaz\u00f3 la impunidad, al se\u00f1alar que la ciudadan\u00eda demanda resultados concretos y no solo exposiciones medi\u00e1ticas.<\/p>\n\n\n\n<p>Las declaraciones de Mej\u00eda surgen en medio de una creciente presi\u00f3n pol\u00edtica y social por los recientes casos de corrupci\u00f3n que involucran a exfuncionarios y figuras p\u00fablicas, lo que ha reavivado el debate sobre la credibilidad y la independencia de las instituciones encargadas de impartir justicia.<\/p>\n","protected":false},"excerpt":{"rendered":"<p>El diputado del Partido Liberal, Rashid Mej\u00eda, lanz\u00f3 fuertes cr\u00edticas contra el&nbsp;Ministerio P\u00fablico&nbsp;al advertir que algunos casos de corrupci\u00f3n podr\u00edan utilizarse como \u201ccortinas de humo\u201d y parte de un \u201cshow medi\u00e1tico\u201d, entre ellos el denominado caso \u201cChequesol\u201d y otros expedientes que se dar\u00e1n a conocer en los pr\u00f3ximos d\u00edas. Mej\u00eda expres\u00f3 preocupaci\u00f3n por la forma [&hellip;]<\/p>\n","protected":false},"author":2,"featured_media":3889,"comment_status":"closed","ping_status":"open","sticky":false,"template":"","format":"standard","meta":{"_seopress_robots_primary_cat":"","_seopress_titles_title":"","_seopress_titles_desc":"","_seopress_robots_index":"","footnotes":""},"categories":[1],"tags":[],"class_list":["post-3888","post","type-post","status-publish","format-standard","has-post-thumbnail","hentry","category-sin-categoria"],"_links":{"self":[{"href":"https:\/\/girasolmultimedios.com\/portal\/wp-json\/wp\/v2\/posts\/3888","targetHints":{"allow":["GET"]}}],"collection":[{"href":"https:\/\/girasolmultimedios.com\/portal\/wp-json\/wp\/v2\/posts"}],"about":[{"href":"https:\/\/girasolmultimedios.com\/portal\/wp-json\/wp\/v2\/types\/post"}],"author":[{"embeddable":true,"href":"https:\/\/girasolmultimedios.com\/portal\/wp-json\/wp\/v2\/users\/2"}],"replies":[{"embeddable":true,"href":"https:\/\/girasolmultimedios.com\/portal\/wp-json\/wp\/v2\/comments?post=3888"}],"version-history":[{"count":1,"href":"https:\/\/girasolmultimedios.com\/portal\/wp-json\/wp\/v2\/posts\/3888\/revisions"}],"predecessor-version":[{"id":3890,"href":"https:\/\/girasolmultimedios.com\/portal\/wp-json\/wp\/v2\/posts\/3888\/revisions\/3890"}],"wp:featuredmedia":[{"embeddable":true,"href":"https:\/\/girasolmultimedios.com\/portal\/wp-json\/wp\/v2\/media\/3889"}],"wp:attachment":[{"href":"https:\/\/girasolmultimedios.com\/portal\/wp-json\/wp\/v2\/media?parent=3888"}],"wp:term":[{"taxonomy":"category","embeddable":true,"href":"https:\/\/girasolmultimedios.com\/portal\/wp-json\/wp\/v2\/categories?post=3888"},{"taxonomy":"post_tag","embeddable":true,"href":"https:\/\/girasolmultimedios.com\/portal\/wp-json\/wp\/v2\/tags?post=3888"}],"curies":[{"name":"wp","href":"https:\/\/api.w.org\/{rel}","templated":true}]}}