{"id":3891,"date":"2026-02-04T09:51:22","date_gmt":"2026-02-04T15:51:22","guid":{"rendered":"https:\/\/girasolmultimedios.com\/portal\/?p=3891"},"modified":"2026-02-04T09:51:23","modified_gmt":"2026-02-04T15:51:23","slug":"fundacion-15-de-septiembre-denuncia-detenciones-de-hondurenos-pese-a-estatus-legal-en-ee-uu","status":"publish","type":"post","link":"https:\/\/girasolmultimedios.com\/portal\/fundacion-15-de-septiembre-denuncia-detenciones-de-hondurenos-pese-a-estatus-legal-en-ee-uu\/","title":{"rendered":"Fundaci\u00f3n 15 de septiembre denuncia detenciones de hondure\u00f1os pese a estatus legal en EE. UU."},"content":{"rendered":"\n<p>La Fundaci\u00f3n 15 de Septiembre denunci\u00f3 este mi\u00e9rcoles que miles de inmigrantes hondure\u00f1os en Estados Unidos enfrentan detenciones y tratos degradantes, a pesar de contar con estatus migratorios legales como el\u00a0Estatus de Protecci\u00f3n Temporal (TPS)\u00a0o asilo.<\/p>\n\n\n\n<p>La organizaci\u00f3n asegur\u00f3 que los compatriotas viven una \u201cpesadilla\u201d al ser arrestados, encadenados y tratados como criminales, sin que las autoridades consideren su ingreso legal al pa\u00eds mediante la aplicaci\u00f3n CBP One.<\/p>\n\n\n\n<p>Seg\u00fan la fundaci\u00f3n, estas acciones afectan a hondure\u00f1os que cumplieron con los procesos migratorios establecidos.<\/p>\n\n\n\n<p>El presidente de la Fundaci\u00f3n 15 de Septiembre, Juan Flores, afirm\u00f3 que la comunidad migrante mantiene grandes expectativas ante la pr\u00f3xima reuni\u00f3n entre el presidente de Honduras, Nasry Asfura, y el mandatario estadounidense, Donald Trump, la cual consideran un posible punto de inflexi\u00f3n para los connacionales que permanecen bajo custodia.<\/p>\n\n\n\n<p>Flores se\u00f1al\u00f3 que el prolongado silencio bilateral ha generado incertidumbre entre los hondure\u00f1os que residen en el exterior y advirti\u00f3 que la falta de di\u00e1logo ha provocado persecuci\u00f3n y la p\u00e9rdida de protecciones migratorias fundamentales.<\/p>\n\n\n\n<p>Por su parte, Casa Presidencial y la Canciller\u00eda confirmaron que el presidente Nasry Asfura sostendr\u00e1 en los pr\u00f3ximos d\u00edas una reuni\u00f3n con Donald Trump para abordar la imposici\u00f3n de aranceles a las exportaciones hondure\u00f1as y el futuro del TPS.<\/p>\n","protected":false},"excerpt":{"rendered":"<p>La Fundaci\u00f3n 15 de Septiembre denunci\u00f3 este mi\u00e9rcoles que miles de inmigrantes hondure\u00f1os en Estados Unidos enfrentan detenciones y tratos degradantes, a pesar de contar con estatus migratorios legales como el\u00a0Estatus de Protecci\u00f3n Temporal (TPS)\u00a0o asilo. La organizaci\u00f3n asegur\u00f3 que los compatriotas viven una \u201cpesadilla\u201d al ser arrestados, encadenados y tratados como criminales, sin que [&hellip;]<\/p>\n","protected":false},"author":2,"featured_media":3892,"comment_status":"closed","ping_status":"open","sticky":false,"template":"","format":"standard","meta":{"_seopress_robots_primary_cat":"","_seopress_titles_title":"","_seopress_titles_desc":"","_seopress_robots_index":"","footnotes":""},"categories":[1],"tags":[],"class_list":["post-3891","post","type-post","status-publish","format-standard","has-post-thumbnail","hentry","category-sin-categoria"],"_links":{"self":[{"href":"https:\/\/girasolmultimedios.com\/portal\/wp-json\/wp\/v2\/posts\/3891","targetHints":{"allow":["GET"]}}],"collection":[{"href":"https:\/\/girasolmultimedios.com\/portal\/wp-json\/wp\/v2\/posts"}],"about":[{"href":"https:\/\/girasolmultimedios.com\/portal\/wp-json\/wp\/v2\/types\/post"}],"author":[{"embeddable":true,"href":"https:\/\/girasolmultimedios.com\/portal\/wp-json\/wp\/v2\/users\/2"}],"replies":[{"embeddable":true,"href":"https:\/\/girasolmultimedios.com\/portal\/wp-json\/wp\/v2\/comments?post=3891"}],"version-history":[{"count":1,"href":"https:\/\/girasolmultimedios.com\/portal\/wp-json\/wp\/v2\/posts\/3891\/revisions"}],"predecessor-version":[{"id":3893,"href":"https:\/\/girasolmultimedios.com\/portal\/wp-json\/wp\/v2\/posts\/3891\/revisions\/3893"}],"wp:featuredmedia":[{"embeddable":true,"href":"https:\/\/girasolmultimedios.com\/portal\/wp-json\/wp\/v2\/media\/3892"}],"wp:attachment":[{"href":"https:\/\/girasolmultimedios.com\/portal\/wp-json\/wp\/v2\/media?parent=3891"}],"wp:term":[{"taxonomy":"category","embeddable":true,"href":"https:\/\/girasolmultimedios.com\/portal\/wp-json\/wp\/v2\/categories?post=3891"},{"taxonomy":"post_tag","embeddable":true,"href":"https:\/\/girasolmultimedios.com\/portal\/wp-json\/wp\/v2\/tags?post=3891"}],"curies":[{"name":"wp","href":"https:\/\/api.w.org\/{rel}","templated":true}]}}