{"id":3894,"date":"2026-02-04T09:53:02","date_gmt":"2026-02-04T15:53:02","guid":{"rendered":"https:\/\/girasolmultimedios.com\/portal\/?p=3894"},"modified":"2026-02-04T09:53:02","modified_gmt":"2026-02-04T15:53:02","slug":"que-cubren-las-amnistias-aprobadas-por-el-congreso-nacional","status":"publish","type":"post","link":"https:\/\/girasolmultimedios.com\/portal\/que-cubren-las-amnistias-aprobadas-por-el-congreso-nacional\/","title":{"rendered":"\u00bfQu\u00e9 cubren las amnist\u00edas aprobadas por el Congreso Nacional?"},"content":{"rendered":"\n<p>El Congreso Nacional de Honduras aprob\u00f3 este martes 3 de febrero de 2026 un amplio paquete de amnist\u00edas en m\u00faltiples sectores, con el prop\u00f3sito de aliviar la carga econ\u00f3mica de miles de ciudadanos, empresas y familias hondure\u00f1as, permitiendo la regularizaci\u00f3n de obligaciones pendientes sin el pago de multas, recargos, intereses ni sanciones accesorias.<\/p>\n\n\n\n<p>Las medidas, aprobadas por unanimidad en las diferentes bancadas legislativas, abarcan \u00e1mbitos tributarios, municipales, energ\u00e9ticos, vehiculares, migratorios, de telecomunicaciones y de servicios b\u00e1sicos como agua potable y saneamiento.<\/p>\n\n\n\n<p>El paquete busca fomentar el cumplimiento voluntario y facilitar el acceso a estos beneficios durante per\u00edodos espec\u00edficos a partir de la entrada en vigencia del decreto.Principales amnist\u00edas aprobadas:<\/p>\n\n\n\n<h2 class=\"wp-block-heading\"><strong>Amnist\u00eda tributaria<\/strong><\/h2>\n\n\n\n<p>Se ampli\u00f3 el plazo inicial de dos meses a cuatro meses desde la vigencia del decreto. Permite a contribuyentes en mora regularizar sus obligaciones fiscales sin pagar multas, recargos ni intereses acumulados.<\/p>\n\n\n\n<h2 class=\"wp-block-heading\"><strong>Amnist\u00eda migratoria<\/strong><\/h2>\n\n\n\n<p>Se extendi\u00f3 por un a\u00f1o adicional la amnist\u00eda vigente, manteni\u00e9ndola hasta el 31 de diciembre de 2026. Beneficia a personas con tr\u00e1mites o sanciones administrativas pendientes en materia migratoria, siempre que cumplan con requisitos como el registro biom\u00e9trico.<\/p>\n\n\n\n<h2 class=\"wp-block-heading\"><strong>Amnist\u00eda energ\u00e9tica (ENEE)<\/strong><\/h2>\n\n\n\n<p>Dirigida a usuarios con deudas ante la Empresa Nacional de Energ\u00eda El\u00e9ctrica (ENEE) por consumos hasta el 31 de diciembre de 2025. Exonera multas, recargos, intereses y obligaciones accesorias. Los beneficiarios deben pagar el consumo real sin cargos adicionales y podr\u00e1n suscribir convenios de pago. El beneficio aplica durante dos meses desde la vigencia del decreto.<\/p>\n\n\n\n<h2 class=\"wp-block-heading\"><strong>Amnist\u00eda vehicular<\/strong><\/h2>\n\n\n\n<p>Vigente por dos meses para contribuyentes en mora o incumplidos con obligaciones ante el Instituto de la Propiedad (IP), correspondientes al per\u00edodo fiscal 2025 o anteriores. Permite pagar la Tasa \u00danica Anual por Matr\u00edcula de Veh\u00edculos, tasas registrales, vehiculares y tasas viales municipales sin multas ni sanciones.<\/p>\n\n\n\n<p>Adicionalmente, se autoriza de forma excepcional por dos a\u00f1os la importaci\u00f3n, nacionalizaci\u00f3n y registro de veh\u00edculos con o sin placas de otros pa\u00edses, independientemente del origen o a\u00f1o de fabricaci\u00f3n.<\/p>\n\n\n\n<p>Para veh\u00edculos modelo 2010 o anteriores, se establece un pago \u00fanico de L. 10,000, que incluye la matr\u00edcula vehicular del a\u00f1o 2026.<\/p>\n\n\n\n<h2 class=\"wp-block-heading\"><strong>Amnist\u00eda en Hondutel<\/strong><\/h2>\n\n\n\n<p>Aplicable durante dos meses a personas naturales, jur\u00eddicas e instituciones p\u00fablicas con pagos pendientes ante la Empresa Hondure\u00f1a de Telecomunicaciones (Hondutel). Permite cancelar las deudas sin multas, recargos ni intereses, con posibilidad de convenios de pago.Amnist\u00eda en servicio de agua potable y saneamiento<\/p>\n\n\n\n<p>Beneficia a usuarios con saldos en mora hasta el 31 de diciembre de 2025, independientemente de si el proveedor es estatal, municipal, comunitario o concesionado.<\/p>\n\n\n\n<p>Vigente por dos meses desde la entrada en vigor del decreto, permite cancelar los montos adeudados sin sanciones, multas, recargos ni intereses.<\/p>\n\n\n\n<p>Estas amnist\u00edas representan un esfuerzo integral del Poder Legislativo por promover la inclusi\u00f3n financiera, reducir la informalidad en pagos y apoyar la recuperaci\u00f3n econ\u00f3mica de diversos sectores de la poblaci\u00f3n hondure\u00f1a. Se espera que el decreto sea publicado en breve en el Diario Oficial La Gaceta para su inmediata aplicaci\u00f3n.<\/p>\n","protected":false},"excerpt":{"rendered":"<p>El Congreso Nacional de Honduras aprob\u00f3 este martes 3 de febrero de 2026 un amplio paquete de amnist\u00edas en m\u00faltiples sectores, con el prop\u00f3sito de aliviar la carga econ\u00f3mica de miles de ciudadanos, empresas y familias hondure\u00f1as, permitiendo la regularizaci\u00f3n de obligaciones pendientes sin el pago de multas, recargos, intereses ni sanciones accesorias. Las medidas, [&hellip;]<\/p>\n","protected":false},"author":2,"featured_media":3895,"comment_status":"closed","ping_status":"open","sticky":false,"template":"","format":"standard","meta":{"_seopress_robots_primary_cat":"","_seopress_titles_title":"","_seopress_titles_desc":"","_seopress_robots_index":"","footnotes":""},"categories":[1],"tags":[],"class_list":["post-3894","post","type-post","status-publish","format-standard","has-post-thumbnail","hentry","category-sin-categoria"],"_links":{"self":[{"href":"https:\/\/girasolmultimedios.com\/portal\/wp-json\/wp\/v2\/posts\/3894","targetHints":{"allow":["GET"]}}],"collection":[{"href":"https:\/\/girasolmultimedios.com\/portal\/wp-json\/wp\/v2\/posts"}],"about":[{"href":"https:\/\/girasolmultimedios.com\/portal\/wp-json\/wp\/v2\/types\/post"}],"author":[{"embeddable":true,"href":"https:\/\/girasolmultimedios.com\/portal\/wp-json\/wp\/v2\/users\/2"}],"replies":[{"embeddable":true,"href":"https:\/\/girasolmultimedios.com\/portal\/wp-json\/wp\/v2\/comments?post=3894"}],"version-history":[{"count":1,"href":"https:\/\/girasolmultimedios.com\/portal\/wp-json\/wp\/v2\/posts\/3894\/revisions"}],"predecessor-version":[{"id":3896,"href":"https:\/\/girasolmultimedios.com\/portal\/wp-json\/wp\/v2\/posts\/3894\/revisions\/3896"}],"wp:featuredmedia":[{"embeddable":true,"href":"https:\/\/girasolmultimedios.com\/portal\/wp-json\/wp\/v2\/media\/3895"}],"wp:attachment":[{"href":"https:\/\/girasolmultimedios.com\/portal\/wp-json\/wp\/v2\/media?parent=3894"}],"wp:term":[{"taxonomy":"category","embeddable":true,"href":"https:\/\/girasolmultimedios.com\/portal\/wp-json\/wp\/v2\/categories?post=3894"},{"taxonomy":"post_tag","embeddable":true,"href":"https:\/\/girasolmultimedios.com\/portal\/wp-json\/wp\/v2\/tags?post=3894"}],"curies":[{"name":"wp","href":"https:\/\/api.w.org\/{rel}","templated":true}]}}