{"id":3897,"date":"2026-02-04T09:55:53","date_gmt":"2026-02-04T15:55:53","guid":{"rendered":"https:\/\/girasolmultimedios.com\/portal\/?p=3897"},"modified":"2026-02-04T09:55:53","modified_gmt":"2026-02-04T15:55:53","slug":"comisionado-miguel-perez-sospecha-fuga-de-imputados-en-caso-sedesol","status":"publish","type":"post","link":"https:\/\/girasolmultimedios.com\/portal\/comisionado-miguel-perez-sospecha-fuga-de-imputados-en-caso-sedesol\/","title":{"rendered":"Comisionado Miguel P\u00e9rez sospecha fuga de imputados en caso Sedesol"},"content":{"rendered":"\n<p>El director de Operaciones de la Polic\u00eda Nacional, comisionado general Miguel P\u00e9rez Suazo, afirm\u00f3 que algunos imputados en el caso de la\u00a0Secretar\u00eda de Desarrollo Social (Sedesol)\u00a0habr\u00edan salido del pa\u00eds luego de conocer que exist\u00edan \u00f3rdenes de captura en su contra.<\/p>\n\n\n\n<p>P\u00e9rez Suazo explic\u00f3 que las autoridades recibieron diez solicitudes de captura relacionadas con este caso, de las cuales varias ya se ejecutaron.<\/p>\n\n\n\n<p>Sin embargo, indic\u00f3 que en otros casos no lograron ubicar a los se\u00f1alados, por lo que no descartan que hayan abandonado el territorio nacional.<\/p>\n\n\n\n<p>El comisionado general asegur\u00f3 que la Polic\u00eda mantiene operativos de b\u00fasqueda y que podr\u00eda concretar nuevas capturas en las pr\u00f3ximas horas.<\/p>\n\n\n\n<p>Asimismo, descart\u00f3 que exista alguna recompensa por la captura de la diputada del partido Libre, Isis Cu\u00e9llar, y confirm\u00f3 que la orden de captura contra el general en condici\u00f3n de retiro Romeo V\u00e1squez Vel\u00e1squez contin\u00faa vigente.<\/p>\n\n\n\n<p>Finalmente, reiter\u00f3 que las autoridades seguir\u00e1n ejecutando las acciones necesarias para hacer cumplir la ley y llevar ante la justicia a las personas requeridas.<\/p>\n","protected":false},"excerpt":{"rendered":"<p>El director de Operaciones de la Polic\u00eda Nacional, comisionado general Miguel P\u00e9rez Suazo, afirm\u00f3 que algunos imputados en el caso de la\u00a0Secretar\u00eda de Desarrollo Social (Sedesol)\u00a0habr\u00edan salido del pa\u00eds luego de conocer que exist\u00edan \u00f3rdenes de captura en su contra. P\u00e9rez Suazo explic\u00f3 que las autoridades recibieron diez solicitudes de captura relacionadas con este caso, [&hellip;]<\/p>\n","protected":false},"author":2,"featured_media":3898,"comment_status":"closed","ping_status":"open","sticky":false,"template":"","format":"standard","meta":{"_seopress_robots_primary_cat":"","_seopress_titles_title":"","_seopress_titles_desc":"","_seopress_robots_index":"","footnotes":""},"categories":[1],"tags":[],"class_list":["post-3897","post","type-post","status-publish","format-standard","has-post-thumbnail","hentry","category-sin-categoria"],"_links":{"self":[{"href":"https:\/\/girasolmultimedios.com\/portal\/wp-json\/wp\/v2\/posts\/3897","targetHints":{"allow":["GET"]}}],"collection":[{"href":"https:\/\/girasolmultimedios.com\/portal\/wp-json\/wp\/v2\/posts"}],"about":[{"href":"https:\/\/girasolmultimedios.com\/portal\/wp-json\/wp\/v2\/types\/post"}],"author":[{"embeddable":true,"href":"https:\/\/girasolmultimedios.com\/portal\/wp-json\/wp\/v2\/users\/2"}],"replies":[{"embeddable":true,"href":"https:\/\/girasolmultimedios.com\/portal\/wp-json\/wp\/v2\/comments?post=3897"}],"version-history":[{"count":1,"href":"https:\/\/girasolmultimedios.com\/portal\/wp-json\/wp\/v2\/posts\/3897\/revisions"}],"predecessor-version":[{"id":3899,"href":"https:\/\/girasolmultimedios.com\/portal\/wp-json\/wp\/v2\/posts\/3897\/revisions\/3899"}],"wp:featuredmedia":[{"embeddable":true,"href":"https:\/\/girasolmultimedios.com\/portal\/wp-json\/wp\/v2\/media\/3898"}],"wp:attachment":[{"href":"https:\/\/girasolmultimedios.com\/portal\/wp-json\/wp\/v2\/media?parent=3897"}],"wp:term":[{"taxonomy":"category","embeddable":true,"href":"https:\/\/girasolmultimedios.com\/portal\/wp-json\/wp\/v2\/categories?post=3897"},{"taxonomy":"post_tag","embeddable":true,"href":"https:\/\/girasolmultimedios.com\/portal\/wp-json\/wp\/v2\/tags?post=3897"}],"curies":[{"name":"wp","href":"https:\/\/api.w.org\/{rel}","templated":true}]}}