{"id":3900,"date":"2026-02-04T09:58:05","date_gmt":"2026-02-04T15:58:05","guid":{"rendered":"https:\/\/girasolmultimedios.com\/portal\/?p=3900"},"modified":"2026-02-04T09:58:06","modified_gmt":"2026-02-04T15:58:06","slug":"refuerzan-la-seguridad-policial-en-los-centros-educativos-de-talanga","status":"publish","type":"post","link":"https:\/\/girasolmultimedios.com\/portal\/refuerzan-la-seguridad-policial-en-los-centros-educativos-de-talanga\/","title":{"rendered":"Refuerzan la seguridad policial en los centros educativos de Talanga"},"content":{"rendered":"\n<p>Elementos de la Unidad Departamental de Polic\u00eda n\u00famero 8 (Udep-8) reforz\u00f3 las acciones de seguridad mediante la implementaci\u00f3n de operativos preventivos en los diferentes centros educativos de Talanga, extremo norte de Francisco Moraz\u00e1n.<\/p>\n\n\n\n<p>Con el inicio del ciclo escolar y el regreso a clases, los efectivos asignados a esa zona, incrementaron su presencia a inmediaciones de las escuelas para garantizar un entorno seguro para estudiantes, docentes y padres de familia, facilitando as\u00ed un retorno tranquilo y ordenado a las actividades acad\u00e9micas.<\/p>\n\n\n\n<p>La portavoz policial, Josselin Mairena, indic\u00f3 que para llevar a cabo estas acciones, se ha realizado el despliegue de diferentes equipos policiales, quienes se distribuyen estrat\u00e9gicamente los puntos cr\u00edticos con el fin de brindar una vigilancia constante y responder de manera inmediata ante cualquier eventualidad.<\/p>\n\n\n\n<p>\u201cEstas labores buscan garantizar un ambiente seguro y propicio para el desarrollo acad\u00e9mico, previniendo hechos delictivos, actos de violencia y cualquier situaci\u00f3n que pueda poner en riesgo la integridad de estudiantes, docentes y personal administrativo\u201d, detall\u00f3 Mairena.&nbsp;<\/p>\n","protected":false},"excerpt":{"rendered":"<p>Elementos de la Unidad Departamental de Polic\u00eda n\u00famero 8 (Udep-8) reforz\u00f3 las acciones de seguridad mediante la implementaci\u00f3n de operativos preventivos en los diferentes centros educativos de Talanga, extremo norte de Francisco Moraz\u00e1n. Con el inicio del ciclo escolar y el regreso a clases, los efectivos asignados a esa zona, incrementaron su presencia a inmediaciones [&hellip;]<\/p>\n","protected":false},"author":2,"featured_media":3901,"comment_status":"closed","ping_status":"open","sticky":false,"template":"","format":"standard","meta":{"_seopress_robots_primary_cat":"","_seopress_titles_title":"","_seopress_titles_desc":"","_seopress_robots_index":"","footnotes":""},"categories":[1],"tags":[],"class_list":["post-3900","post","type-post","status-publish","format-standard","has-post-thumbnail","hentry","category-sin-categoria"],"_links":{"self":[{"href":"https:\/\/girasolmultimedios.com\/portal\/wp-json\/wp\/v2\/posts\/3900","targetHints":{"allow":["GET"]}}],"collection":[{"href":"https:\/\/girasolmultimedios.com\/portal\/wp-json\/wp\/v2\/posts"}],"about":[{"href":"https:\/\/girasolmultimedios.com\/portal\/wp-json\/wp\/v2\/types\/post"}],"author":[{"embeddable":true,"href":"https:\/\/girasolmultimedios.com\/portal\/wp-json\/wp\/v2\/users\/2"}],"replies":[{"embeddable":true,"href":"https:\/\/girasolmultimedios.com\/portal\/wp-json\/wp\/v2\/comments?post=3900"}],"version-history":[{"count":1,"href":"https:\/\/girasolmultimedios.com\/portal\/wp-json\/wp\/v2\/posts\/3900\/revisions"}],"predecessor-version":[{"id":3902,"href":"https:\/\/girasolmultimedios.com\/portal\/wp-json\/wp\/v2\/posts\/3900\/revisions\/3902"}],"wp:featuredmedia":[{"embeddable":true,"href":"https:\/\/girasolmultimedios.com\/portal\/wp-json\/wp\/v2\/media\/3901"}],"wp:attachment":[{"href":"https:\/\/girasolmultimedios.com\/portal\/wp-json\/wp\/v2\/media?parent=3900"}],"wp:term":[{"taxonomy":"category","embeddable":true,"href":"https:\/\/girasolmultimedios.com\/portal\/wp-json\/wp\/v2\/categories?post=3900"},{"taxonomy":"post_tag","embeddable":true,"href":"https:\/\/girasolmultimedios.com\/portal\/wp-json\/wp\/v2\/tags?post=3900"}],"curies":[{"name":"wp","href":"https:\/\/api.w.org\/{rel}","templated":true}]}}