{"id":3910,"date":"2026-02-05T09:26:53","date_gmt":"2026-02-05T15:26:53","guid":{"rendered":"https:\/\/girasolmultimedios.com\/portal\/?p=3910"},"modified":"2026-02-05T09:26:53","modified_gmt":"2026-02-05T15:26:53","slug":"isis-cuellar-no-estoy-protegida-por-nadie-aqui-estamos-con-la-frente-en-alto","status":"publish","type":"post","link":"https:\/\/girasolmultimedios.com\/portal\/isis-cuellar-no-estoy-protegida-por-nadie-aqui-estamos-con-la-frente-en-alto\/","title":{"rendered":"Isis Cuellar: \u201cNo estoy protegida por nadie\u2026 aqu\u00ed estamos con la frente en alto\u201d"},"content":{"rendered":"\n<p>Este jueves, la diputada del Congreso Nacional y miembro del Partido Libertad y Refundaci\u00f3n (Libre), Isis Cuellar, se present\u00f3 a la\u00a0Corte Suprema de Justicia (CSJ)\u00a0por su vinculaci\u00f3n al caso \u201cChequesol\u201d.<\/p>\n\n\n\n<p>Cuellar lleg\u00f3 de forma voluntaria luego de ser emitida una orden de captura en su contra por estar relacionada al desfalco de al menos seis millones de lempiras que estaban destinados a ayudas sociales.<\/p>\n\n\n\n<p>\u201cNo estoy protegida por nadie, no he pedido ning\u00fan favor pol\u00edtico, ustedes se han podido fijar y llegu\u00e9 al Congreso Nacional haciendo mi trabajo y aqu\u00ed estamos con al frente en alto\u201d, declar\u00f3 la parlamentaria.<\/p>\n\n\n\n<p>Sobre las declaraciones del exministro de la Secretar\u00eda de Desarrollo Social (Sedesol), Jos\u00e9 Carlos Cardona, quien afirm\u00f3 que la diputada era amante de un miembro de la familia Zelaya, se abstuvo a brindar declaraciones.<\/p>\n\n\n\n<p>\u201cNo tengo nada que decir, no me voy a referir a nada que haya dicho alguien\u201d, reiter\u00f3.<\/p>\n\n\n\n<p>Asimismo, asegur\u00f3 que todos los fondos se van a acreditar mediante la documentaci\u00f3n oportuna.<\/p>\n\n\n\n<p>\u201cNo tengo temor de nada porque no he cometido ning\u00fan delito\u201d, sentenci\u00f3.<\/p>\n","protected":false},"excerpt":{"rendered":"<p>Este jueves, la diputada del Congreso Nacional y miembro del Partido Libertad y Refundaci\u00f3n (Libre), Isis Cuellar, se present\u00f3 a la\u00a0Corte Suprema de Justicia (CSJ)\u00a0por su vinculaci\u00f3n al caso \u201cChequesol\u201d. Cuellar lleg\u00f3 de forma voluntaria luego de ser emitida una orden de captura en su contra por estar relacionada al desfalco de al menos seis [&hellip;]<\/p>\n","protected":false},"author":2,"featured_media":3911,"comment_status":"closed","ping_status":"open","sticky":false,"template":"","format":"standard","meta":{"_seopress_robots_primary_cat":"","_seopress_titles_title":"","_seopress_titles_desc":"","_seopress_robots_index":"","footnotes":""},"categories":[1],"tags":[],"class_list":["post-3910","post","type-post","status-publish","format-standard","has-post-thumbnail","hentry","category-sin-categoria"],"_links":{"self":[{"href":"https:\/\/girasolmultimedios.com\/portal\/wp-json\/wp\/v2\/posts\/3910","targetHints":{"allow":["GET"]}}],"collection":[{"href":"https:\/\/girasolmultimedios.com\/portal\/wp-json\/wp\/v2\/posts"}],"about":[{"href":"https:\/\/girasolmultimedios.com\/portal\/wp-json\/wp\/v2\/types\/post"}],"author":[{"embeddable":true,"href":"https:\/\/girasolmultimedios.com\/portal\/wp-json\/wp\/v2\/users\/2"}],"replies":[{"embeddable":true,"href":"https:\/\/girasolmultimedios.com\/portal\/wp-json\/wp\/v2\/comments?post=3910"}],"version-history":[{"count":1,"href":"https:\/\/girasolmultimedios.com\/portal\/wp-json\/wp\/v2\/posts\/3910\/revisions"}],"predecessor-version":[{"id":3912,"href":"https:\/\/girasolmultimedios.com\/portal\/wp-json\/wp\/v2\/posts\/3910\/revisions\/3912"}],"wp:featuredmedia":[{"embeddable":true,"href":"https:\/\/girasolmultimedios.com\/portal\/wp-json\/wp\/v2\/media\/3911"}],"wp:attachment":[{"href":"https:\/\/girasolmultimedios.com\/portal\/wp-json\/wp\/v2\/media?parent=3910"}],"wp:term":[{"taxonomy":"category","embeddable":true,"href":"https:\/\/girasolmultimedios.com\/portal\/wp-json\/wp\/v2\/categories?post=3910"},{"taxonomy":"post_tag","embeddable":true,"href":"https:\/\/girasolmultimedios.com\/portal\/wp-json\/wp\/v2\/tags?post=3910"}],"curies":[{"name":"wp","href":"https:\/\/api.w.org\/{rel}","templated":true}]}}