{"id":3913,"date":"2026-02-05T09:31:40","date_gmt":"2026-02-05T15:31:40","guid":{"rendered":"https:\/\/girasolmultimedios.com\/portal\/?p=3913"},"modified":"2026-02-05T09:31:40","modified_gmt":"2026-02-05T15:31:40","slug":"fundacion-15-de-septiembre-pide-a-asfura-defender-a-migrantes-hondurenos-ante-trump","status":"publish","type":"post","link":"https:\/\/girasolmultimedios.com\/portal\/fundacion-15-de-septiembre-pide-a-asfura-defender-a-migrantes-hondurenos-ante-trump\/","title":{"rendered":"Fundaci\u00f3n 15 de Septiembre pide a Asfura defender a migrantes hondure\u00f1os ante Trump"},"content":{"rendered":"\n<p>La\u00a0Fundaci\u00f3n 15 de Septiembre\u00a0solicit\u00f3 al presidente de Honduras, Nasry Asfura, que aproveche su pr\u00f3xima reuni\u00f3n con el presidente de Estados Unidos, Donald Trump, para abogar de manera firme por la protecci\u00f3n de los migrantes hondure\u00f1os.<\/p>\n\n\n\n<p>Mediante una carta abierta, la organizaci\u00f3n asegur\u00f3 que el encuentro genera esperanza entre m\u00e1s de dos millones de hondure\u00f1os que residen en territorio estadounidense, en especial aquellos que no cuentan con un estatus migratorio regular y quienes recientemente perdieron el\u00a0Estatus de Protecci\u00f3n Temporal (TPS).<\/p>\n\n\n\n<p>En la misiva, la fundaci\u00f3n afirm\u00f3 que la migraci\u00f3n representa historias humanas marcadas por el miedo y la incertidumbre, y subray\u00f3 que la di\u00e1spora hondure\u00f1a no pide privilegios, sino respeto, protecci\u00f3n y una diplomacia que defienda sus derechos.<\/p>\n\n\n\n<p><br>La Fundaci\u00f3n 15 de Septiembre destac\u00f3 el aporte de la comunidad hondure\u00f1a en Estados Unidos, se\u00f1alando que se trata de una fuerza laboral calificada, con profesionales, t\u00e9cnicos y j\u00f3venes que incluso prestan servicio en el ej\u00e9rcito estadounidense.<\/p>\n\n\n\n<p>Asimismo, recalc\u00f3 que los migrantes sostienen una parte clave de la econom\u00eda nacional, ya que las remesas representan alrededor del 27 % del Producto Interno Bruto (PIB) y constituyen el principal sustento de miles de familias en Honduras<\/p>\n","protected":false},"excerpt":{"rendered":"<p>La\u00a0Fundaci\u00f3n 15 de Septiembre\u00a0solicit\u00f3 al presidente de Honduras, Nasry Asfura, que aproveche su pr\u00f3xima reuni\u00f3n con el presidente de Estados Unidos, Donald Trump, para abogar de manera firme por la protecci\u00f3n de los migrantes hondure\u00f1os. Mediante una carta abierta, la organizaci\u00f3n asegur\u00f3 que el encuentro genera esperanza entre m\u00e1s de dos millones de hondure\u00f1os que [&hellip;]<\/p>\n","protected":false},"author":2,"featured_media":3914,"comment_status":"closed","ping_status":"open","sticky":false,"template":"","format":"standard","meta":{"_seopress_robots_primary_cat":"","_seopress_titles_title":"","_seopress_titles_desc":"","_seopress_robots_index":"","footnotes":""},"categories":[1],"tags":[],"class_list":["post-3913","post","type-post","status-publish","format-standard","has-post-thumbnail","hentry","category-sin-categoria"],"_links":{"self":[{"href":"https:\/\/girasolmultimedios.com\/portal\/wp-json\/wp\/v2\/posts\/3913","targetHints":{"allow":["GET"]}}],"collection":[{"href":"https:\/\/girasolmultimedios.com\/portal\/wp-json\/wp\/v2\/posts"}],"about":[{"href":"https:\/\/girasolmultimedios.com\/portal\/wp-json\/wp\/v2\/types\/post"}],"author":[{"embeddable":true,"href":"https:\/\/girasolmultimedios.com\/portal\/wp-json\/wp\/v2\/users\/2"}],"replies":[{"embeddable":true,"href":"https:\/\/girasolmultimedios.com\/portal\/wp-json\/wp\/v2\/comments?post=3913"}],"version-history":[{"count":1,"href":"https:\/\/girasolmultimedios.com\/portal\/wp-json\/wp\/v2\/posts\/3913\/revisions"}],"predecessor-version":[{"id":3915,"href":"https:\/\/girasolmultimedios.com\/portal\/wp-json\/wp\/v2\/posts\/3913\/revisions\/3915"}],"wp:featuredmedia":[{"embeddable":true,"href":"https:\/\/girasolmultimedios.com\/portal\/wp-json\/wp\/v2\/media\/3914"}],"wp:attachment":[{"href":"https:\/\/girasolmultimedios.com\/portal\/wp-json\/wp\/v2\/media?parent=3913"}],"wp:term":[{"taxonomy":"category","embeddable":true,"href":"https:\/\/girasolmultimedios.com\/portal\/wp-json\/wp\/v2\/categories?post=3913"},{"taxonomy":"post_tag","embeddable":true,"href":"https:\/\/girasolmultimedios.com\/portal\/wp-json\/wp\/v2\/tags?post=3913"}],"curies":[{"name":"wp","href":"https:\/\/api.w.org\/{rel}","templated":true}]}}