{"id":3916,"date":"2026-02-05T09:36:23","date_gmt":"2026-02-05T15:36:23","guid":{"rendered":"https:\/\/girasolmultimedios.com\/portal\/?p=3916"},"modified":"2026-02-05T09:36:24","modified_gmt":"2026-02-05T15:36:24","slug":"partido-liberal-conmemora-su-135-aniversario","status":"publish","type":"post","link":"https:\/\/girasolmultimedios.com\/portal\/partido-liberal-conmemora-su-135-aniversario\/","title":{"rendered":"Partido Liberal conmemora su 135 aniversario"},"content":{"rendered":"\n<p>El Partido Liberal de Honduras (PLH), la instituci\u00f3n pol\u00edtica m\u00e1s antigua del pa\u00eds y una de las de mayor trayectoria en Centroam\u00e9rica y Am\u00e9rica Latina, celebra hoy 135 a\u00f1os de fundaci\u00f3n y de ininterrumpida vida pol\u00edtica al servicio de Honduras.<\/p>\n\n\n\n<p>Fundado el 5 de febrero de 1891 por el visionario Policarpo Bonilla, heredero directo de los ideales liberales de Francisco Moraz\u00e1n y C\u00e9leo Arias, el PLH surgi\u00f3 con el prop\u00f3sito de defender la libertad, la justicia social, la democracia y el progreso del pueblo hondure\u00f1o.<\/p>\n\n\n\n<p>Desde entonces, ha sido protagonista indiscutible de las transformaciones m\u00e1s importantes del pa\u00eds, aportando 11 presidentes constitucionales y marcando hitos en la consolidaci\u00f3n de la democracia, la educaci\u00f3n, la salud y los derechos ciudadanos.<\/p>\n\n\n\n<p>En esta fecha emblem\u00e1tica, el Partido Liberal reafirma su vigencia como la \u00fanica alternativa real para millones de hondure\u00f1os que anhelan un pa\u00eds m\u00e1s justo, pr\u00f3spero y unido.<\/p>\n\n\n\n<p>A pesar de los desaf\u00edos hist\u00f3ricos y actuales, el PLH se mantiene de pie, con la frente en alto y el coraz\u00f3n rojo y blanco, renovando su compromiso de trabajar por la esperanza, la coherencia y el bienestar colectivo.<\/p>\n\n\n\n<p>Como parte de las actividades conmemorativas, se realizar\u00e1n este jueves actos solemnes en el Consejo Central Ejecutivo en Tegucigalpa.<\/p>\n\n\n\n<ul class=\"wp-block-list\">\n<li>Izado de la bandera liberal por las m\u00e1ximas autoridades del partido, diputados y alcaldes<\/li>\n\n\n\n<li>Protocolo oficial con palabras de sus l\u00edderes<\/li>\n\n\n\n<li>Homenajes a figuras destacadas del liberalismo<\/li>\n\n\n\n<li>Convivios con la militancia y actividades culturales<\/li>\n<\/ul>\n","protected":false},"excerpt":{"rendered":"<p>El Partido Liberal de Honduras (PLH), la instituci\u00f3n pol\u00edtica m\u00e1s antigua del pa\u00eds y una de las de mayor trayectoria en Centroam\u00e9rica y Am\u00e9rica Latina, celebra hoy 135 a\u00f1os de fundaci\u00f3n y de ininterrumpida vida pol\u00edtica al servicio de Honduras. Fundado el 5 de febrero de 1891 por el visionario Policarpo Bonilla, heredero directo de [&hellip;]<\/p>\n","protected":false},"author":2,"featured_media":3917,"comment_status":"closed","ping_status":"open","sticky":false,"template":"","format":"standard","meta":{"_seopress_robots_primary_cat":"","_seopress_titles_title":"","_seopress_titles_desc":"","_seopress_robots_index":"","footnotes":""},"categories":[1],"tags":[],"class_list":["post-3916","post","type-post","status-publish","format-standard","has-post-thumbnail","hentry","category-sin-categoria"],"_links":{"self":[{"href":"https:\/\/girasolmultimedios.com\/portal\/wp-json\/wp\/v2\/posts\/3916","targetHints":{"allow":["GET"]}}],"collection":[{"href":"https:\/\/girasolmultimedios.com\/portal\/wp-json\/wp\/v2\/posts"}],"about":[{"href":"https:\/\/girasolmultimedios.com\/portal\/wp-json\/wp\/v2\/types\/post"}],"author":[{"embeddable":true,"href":"https:\/\/girasolmultimedios.com\/portal\/wp-json\/wp\/v2\/users\/2"}],"replies":[{"embeddable":true,"href":"https:\/\/girasolmultimedios.com\/portal\/wp-json\/wp\/v2\/comments?post=3916"}],"version-history":[{"count":1,"href":"https:\/\/girasolmultimedios.com\/portal\/wp-json\/wp\/v2\/posts\/3916\/revisions"}],"predecessor-version":[{"id":3918,"href":"https:\/\/girasolmultimedios.com\/portal\/wp-json\/wp\/v2\/posts\/3916\/revisions\/3918"}],"wp:featuredmedia":[{"embeddable":true,"href":"https:\/\/girasolmultimedios.com\/portal\/wp-json\/wp\/v2\/media\/3917"}],"wp:attachment":[{"href":"https:\/\/girasolmultimedios.com\/portal\/wp-json\/wp\/v2\/media?parent=3916"}],"wp:term":[{"taxonomy":"category","embeddable":true,"href":"https:\/\/girasolmultimedios.com\/portal\/wp-json\/wp\/v2\/categories?post=3916"},{"taxonomy":"post_tag","embeddable":true,"href":"https:\/\/girasolmultimedios.com\/portal\/wp-json\/wp\/v2\/tags?post=3916"}],"curies":[{"name":"wp","href":"https:\/\/api.w.org\/{rel}","templated":true}]}}