{"id":3925,"date":"2026-02-05T09:43:48","date_gmt":"2026-02-05T15:43:48","guid":{"rendered":"https:\/\/girasolmultimedios.com\/portal\/?p=3925"},"modified":"2026-02-05T09:43:48","modified_gmt":"2026-02-05T15:43:48","slug":"fiscal-general-informa-sobre-masivo-operativo-contra-la-ms-13","status":"publish","type":"post","link":"https:\/\/girasolmultimedios.com\/portal\/fiscal-general-informa-sobre-masivo-operativo-contra-la-ms-13\/","title":{"rendered":"Fiscal General informa sobre masivo operativo contra la MS-13"},"content":{"rendered":"\n<p>Un operativo hist\u00f3rico contra estructuras criminales se desarroll\u00f3 este mi\u00e9rcoles en la zona norte del pa\u00eds, con la participaci\u00f3n de la Fiscal\u00eda Especial Contra el Crimen Organizado (FESCCO) y la Direcci\u00f3n de Lucha Contra el Narcotr\u00e1fico (DLCN).<\/p>\n\n\n\n<p>El Fiscal General, Johel Zelaya, inform\u00f3 que la acci\u00f3n incluy\u00f3 17 allanamientos de morada en distintos sectores de San Pedro Sula, con el resultado de nueve personas detenidas, todas presuntamente vinculadas a la mara MS-13.<\/p>\n\n\n\n<p>Durante los operativos, las autoridades decomisaron un total de 120 mil dosis de crack, 190 libras de marihuana especial, y 1,017 paquetes de drogas, adem\u00e1s de 85 armas de fuego \u2014entre ellas AK-47, fusiles de asalto, 19 granadas y cuatro lanzacohetes\u2014 y 14 veh\u00edculos con compartimentos ocultos.<\/p>\n\n\n\n<p>Asimismo, se incaut\u00f3 indumentaria militar nacional y de la DEA de Estados Unidos, as\u00ed como de la Polic\u00eda Nacional de Guatemala. Las autoridades tambi\u00e9n encontraron guaras rojas y loros pico amarillo, que fueron puestos a la orden de la Fiscal\u00eda del Ambiente.<\/p>\n\n\n\n<p>El fiscal Zelaya destac\u00f3 que la droga decomisada tiene un valor aproximado de 50 millones de lempiras en el mercado negro y se\u00f1al\u00f3 que este operativo representa un duro golpe a la estructura criminal, reduciendo su capacidad operativa.<\/p>\n\n\n\n<p>\u201cCada golpe que damos contra las estructuras criminales significa recuperar espacios para nuestra poblaci\u00f3n\u201d, afirm\u00f3 el funcionario.<\/p>\n\n\n\n<p>El operativo se suma a los esfuerzos del Ministerio P\u00fablico por combatir el crimen organizado y garantizar la seguridad de la ciudadan\u00eda en la zona norte del pa\u00eds.<\/p>\n","protected":false},"excerpt":{"rendered":"<p>Un operativo hist\u00f3rico contra estructuras criminales se desarroll\u00f3 este mi\u00e9rcoles en la zona norte del pa\u00eds, con la participaci\u00f3n de la Fiscal\u00eda Especial Contra el Crimen Organizado (FESCCO) y la Direcci\u00f3n de Lucha Contra el Narcotr\u00e1fico (DLCN). El Fiscal General, Johel Zelaya, inform\u00f3 que la acci\u00f3n incluy\u00f3 17 allanamientos de morada en distintos sectores de [&hellip;]<\/p>\n","protected":false},"author":2,"featured_media":3926,"comment_status":"closed","ping_status":"open","sticky":false,"template":"","format":"standard","meta":{"_seopress_robots_primary_cat":"","_seopress_titles_title":"","_seopress_titles_desc":"","_seopress_robots_index":"","footnotes":""},"categories":[1],"tags":[],"class_list":["post-3925","post","type-post","status-publish","format-standard","has-post-thumbnail","hentry","category-sin-categoria"],"_links":{"self":[{"href":"https:\/\/girasolmultimedios.com\/portal\/wp-json\/wp\/v2\/posts\/3925","targetHints":{"allow":["GET"]}}],"collection":[{"href":"https:\/\/girasolmultimedios.com\/portal\/wp-json\/wp\/v2\/posts"}],"about":[{"href":"https:\/\/girasolmultimedios.com\/portal\/wp-json\/wp\/v2\/types\/post"}],"author":[{"embeddable":true,"href":"https:\/\/girasolmultimedios.com\/portal\/wp-json\/wp\/v2\/users\/2"}],"replies":[{"embeddable":true,"href":"https:\/\/girasolmultimedios.com\/portal\/wp-json\/wp\/v2\/comments?post=3925"}],"version-history":[{"count":1,"href":"https:\/\/girasolmultimedios.com\/portal\/wp-json\/wp\/v2\/posts\/3925\/revisions"}],"predecessor-version":[{"id":3927,"href":"https:\/\/girasolmultimedios.com\/portal\/wp-json\/wp\/v2\/posts\/3925\/revisions\/3927"}],"wp:featuredmedia":[{"embeddable":true,"href":"https:\/\/girasolmultimedios.com\/portal\/wp-json\/wp\/v2\/media\/3926"}],"wp:attachment":[{"href":"https:\/\/girasolmultimedios.com\/portal\/wp-json\/wp\/v2\/media?parent=3925"}],"wp:term":[{"taxonomy":"category","embeddable":true,"href":"https:\/\/girasolmultimedios.com\/portal\/wp-json\/wp\/v2\/categories?post=3925"},{"taxonomy":"post_tag","embeddable":true,"href":"https:\/\/girasolmultimedios.com\/portal\/wp-json\/wp\/v2\/tags?post=3925"}],"curies":[{"name":"wp","href":"https:\/\/api.w.org\/{rel}","templated":true}]}}