{"id":3931,"date":"2026-02-05T09:48:48","date_gmt":"2026-02-05T15:48:48","guid":{"rendered":"https:\/\/girasolmultimedios.com\/portal\/?p=3931"},"modified":"2026-02-05T09:48:48","modified_gmt":"2026-02-05T15:48:48","slug":"todo-sobre-la-amnistia-vehicular-honduras-2025-requisitos-y-pasos-para-aplicar","status":"publish","type":"post","link":"https:\/\/girasolmultimedios.com\/portal\/todo-sobre-la-amnistia-vehicular-honduras-2025-requisitos-y-pasos-para-aplicar\/","title":{"rendered":"Todo sobre la amnist\u00eda vehicular Honduras 2025: Requisitos y pasos para aplicar"},"content":{"rendered":"\n<p>El Congreso Nacional de\u00a0Honduras\u00a0aprob\u00f3 de manera un\u00e1nime el martes 3 de febrero de 2026 un paquete de ocho amnist\u00edas, entre ellas la amnist\u00eda vehicular, que exonera a la ciudadan\u00eda del pago de multas, intereses moratorios y recargos acumulados hasta el 31 de diciembre de 2025.<\/p>\n\n\n\n<p>En el caso de la amnist\u00eda vehicular, los contribuyentes del Instituto de la Propiedad (IP) podr\u00e1n ponerse al d\u00eda en el pago de la Tasa \u00danica Anual y la tasa municipal correspondiente, sin enfrentar sanciones por mora. La medida busca facilitar la regularizaci\u00f3n de obligaciones tributarias relacionadas con veh\u00edculos, motocicletas y similares.<\/p>\n\n\n\n<p>De forma excepcional, el decreto tambi\u00e9n autoriza la importaci\u00f3n, nacionalizaci\u00f3n y registro de veh\u00edculos con o sin placas extranjeras, sin importar el a\u00f1o de fabricaci\u00f3n. Para los automotores modelo 2010 o anteriores, se estableci\u00f3 un cobro \u00fanico de 10,000 lempiras, monto que incluye la matr\u00edcula vehicular correspondiente al a\u00f1o 2026.<\/p>\n\n\n\n<p>Adem\u00e1s de la amnist\u00eda vehicular, el Congreso Nacional aprob\u00f3 otras siete amnist\u00edas de alcance nacional, dirigidas a aliviar la carga econ\u00f3mica de distintos sectores de la poblaci\u00f3n.<\/p>\n\n\n\n<p>En materia tributaria, la amnist\u00eda permitir\u00e1 a los contribuyentes con impuestos atrasados regularizar su situaci\u00f3n sin pagar multas, recargos ni intereses. El plazo para acogerse a este beneficio se ampli\u00f3 de dos a cuatro meses a partir de la entrada en vigencia del decreto.<\/p>\n\n\n\n<p>La amnist\u00eda municipal aplicar\u00e1 en las 298 alcald\u00edas del pa\u00eds y elimina sanciones por deudas acumuladas hasta el 31 de diciembre de 2025, tanto para personas naturales como jur\u00eddicas. De igual forma, la amnist\u00eda energ\u00e9tica beneficiar\u00e1 a usuarios de la Empresa Nacional de Energ\u00eda El\u00e9ctrica (ENEE) con deudas pendientes hasta esa misma fecha, permiti\u00e9ndoles pagar \u00fanicamente el consumo sin recargos ni intereses durante dos meses, con opci\u00f3n a convenios de pago.<\/p>\n\n\n\n<p>El paquete legislativo incluye tambi\u00e9n una amnist\u00eda migratoria, vigente hasta el 31 de diciembre de 2026, que suspende temporalmente la multa administrativa a migrantes en tr\u00e1nsito en condici\u00f3n irregular, siempre que cumplan con el registro biom\u00e9trico y control migratorio al ingresar al pa\u00eds.<\/p>\n\n\n\n<p>Asimismo, se aprob\u00f3 una amnist\u00eda para usuarios con deudas ante Hondutel, as\u00ed como otra para el servicio de agua potable y saneamiento, aplicable a proveedores estatales, municipales, comunitarios o concesionados, permitiendo el pago de facturas vencidas sin sanciones durante un per\u00edodo de dos meses.<\/p>\n\n\n\n<p>Con estas medidas, el Legislativo busca brindar alivio econ\u00f3mico a la poblaci\u00f3n y facilitar la regularizaci\u00f3n de obligaciones pendientes en distintos sectores estrat\u00e9gicos del pa\u00eds.<\/p>\n","protected":false},"excerpt":{"rendered":"<p>El Congreso Nacional de\u00a0Honduras\u00a0aprob\u00f3 de manera un\u00e1nime el martes 3 de febrero de 2026 un paquete de ocho amnist\u00edas, entre ellas la amnist\u00eda vehicular, que exonera a la ciudadan\u00eda del pago de multas, intereses moratorios y recargos acumulados hasta el 31 de diciembre de 2025. En el caso de la amnist\u00eda vehicular, los contribuyentes del [&hellip;]<\/p>\n","protected":false},"author":2,"featured_media":3932,"comment_status":"closed","ping_status":"open","sticky":false,"template":"","format":"standard","meta":{"_seopress_robots_primary_cat":"","_seopress_titles_title":"","_seopress_titles_desc":"","_seopress_robots_index":"","footnotes":""},"categories":[1],"tags":[],"class_list":["post-3931","post","type-post","status-publish","format-standard","has-post-thumbnail","hentry","category-sin-categoria"],"_links":{"self":[{"href":"https:\/\/girasolmultimedios.com\/portal\/wp-json\/wp\/v2\/posts\/3931","targetHints":{"allow":["GET"]}}],"collection":[{"href":"https:\/\/girasolmultimedios.com\/portal\/wp-json\/wp\/v2\/posts"}],"about":[{"href":"https:\/\/girasolmultimedios.com\/portal\/wp-json\/wp\/v2\/types\/post"}],"author":[{"embeddable":true,"href":"https:\/\/girasolmultimedios.com\/portal\/wp-json\/wp\/v2\/users\/2"}],"replies":[{"embeddable":true,"href":"https:\/\/girasolmultimedios.com\/portal\/wp-json\/wp\/v2\/comments?post=3931"}],"version-history":[{"count":1,"href":"https:\/\/girasolmultimedios.com\/portal\/wp-json\/wp\/v2\/posts\/3931\/revisions"}],"predecessor-version":[{"id":3933,"href":"https:\/\/girasolmultimedios.com\/portal\/wp-json\/wp\/v2\/posts\/3931\/revisions\/3933"}],"wp:featuredmedia":[{"embeddable":true,"href":"https:\/\/girasolmultimedios.com\/portal\/wp-json\/wp\/v2\/media\/3932"}],"wp:attachment":[{"href":"https:\/\/girasolmultimedios.com\/portal\/wp-json\/wp\/v2\/media?parent=3931"}],"wp:term":[{"taxonomy":"category","embeddable":true,"href":"https:\/\/girasolmultimedios.com\/portal\/wp-json\/wp\/v2\/categories?post=3931"},{"taxonomy":"post_tag","embeddable":true,"href":"https:\/\/girasolmultimedios.com\/portal\/wp-json\/wp\/v2\/tags?post=3931"}],"curies":[{"name":"wp","href":"https:\/\/api.w.org\/{rel}","templated":true}]}}