{"id":3934,"date":"2026-02-05T09:51:24","date_gmt":"2026-02-05T15:51:24","guid":{"rendered":"https:\/\/girasolmultimedios.com\/portal\/?p=3934"},"modified":"2026-02-05T09:51:24","modified_gmt":"2026-02-05T15:51:24","slug":"cientos-de-jovenes-buscan-empleo-en-feria-de-la-ccic","status":"publish","type":"post","link":"https:\/\/girasolmultimedios.com\/portal\/cientos-de-jovenes-buscan-empleo-en-feria-de-la-ccic\/","title":{"rendered":"Cientos de J\u00f3venes buscan empleo en feria de la CCIC"},"content":{"rendered":"\n<p>Decenas de j\u00f3venes asistieron a la feria de empleo organizada por la\u00a0C\u00e1mara de Comercio e Industrias de Cort\u00e9s (CCIC)\u00a0con la expectativa de encontrar una oportunidad laboral en la zona norte del pa\u00eds.<\/p>\n\n\n\n<p>Con su hoja de vida en mano, los participantes recorrieron los distintos stands para conocer las vacantes que ofrecen las empresas presentes, confiando en lograr su inserci\u00f3n al mercado laboral.<\/p>\n\n\n\n<p>Los organizadores estiman que alrededor de dos mil plazas de trabajo se encuentran disponibles en esta regi\u00f3n, lo que genera esperanza entre quienes buscan empleo por primera vez o desean mejorar su situaci\u00f3n econ\u00f3mica.<\/p>\n\n\n\n<p>Una de las j\u00f3venes que lleg\u00f3 a las instalaciones de la CCIC expres\u00f3 que su principal objetivo es conseguir un empleo para apoyar a su madre y continuar con sus estudios, reflejando el inter\u00e9s y la necesidad de muchos de los asistentes.<\/p>\n","protected":false},"excerpt":{"rendered":"<p>Decenas de j\u00f3venes asistieron a la feria de empleo organizada por la\u00a0C\u00e1mara de Comercio e Industrias de Cort\u00e9s (CCIC)\u00a0con la expectativa de encontrar una oportunidad laboral en la zona norte del pa\u00eds. Con su hoja de vida en mano, los participantes recorrieron los distintos stands para conocer las vacantes que ofrecen las empresas presentes, confiando [&hellip;]<\/p>\n","protected":false},"author":2,"featured_media":3935,"comment_status":"closed","ping_status":"open","sticky":false,"template":"","format":"standard","meta":{"_seopress_robots_primary_cat":"","_seopress_titles_title":"","_seopress_titles_desc":"","_seopress_robots_index":"","footnotes":""},"categories":[1],"tags":[],"class_list":["post-3934","post","type-post","status-publish","format-standard","has-post-thumbnail","hentry","category-sin-categoria"],"_links":{"self":[{"href":"https:\/\/girasolmultimedios.com\/portal\/wp-json\/wp\/v2\/posts\/3934","targetHints":{"allow":["GET"]}}],"collection":[{"href":"https:\/\/girasolmultimedios.com\/portal\/wp-json\/wp\/v2\/posts"}],"about":[{"href":"https:\/\/girasolmultimedios.com\/portal\/wp-json\/wp\/v2\/types\/post"}],"author":[{"embeddable":true,"href":"https:\/\/girasolmultimedios.com\/portal\/wp-json\/wp\/v2\/users\/2"}],"replies":[{"embeddable":true,"href":"https:\/\/girasolmultimedios.com\/portal\/wp-json\/wp\/v2\/comments?post=3934"}],"version-history":[{"count":1,"href":"https:\/\/girasolmultimedios.com\/portal\/wp-json\/wp\/v2\/posts\/3934\/revisions"}],"predecessor-version":[{"id":3936,"href":"https:\/\/girasolmultimedios.com\/portal\/wp-json\/wp\/v2\/posts\/3934\/revisions\/3936"}],"wp:featuredmedia":[{"embeddable":true,"href":"https:\/\/girasolmultimedios.com\/portal\/wp-json\/wp\/v2\/media\/3935"}],"wp:attachment":[{"href":"https:\/\/girasolmultimedios.com\/portal\/wp-json\/wp\/v2\/media?parent=3934"}],"wp:term":[{"taxonomy":"category","embeddable":true,"href":"https:\/\/girasolmultimedios.com\/portal\/wp-json\/wp\/v2\/categories?post=3934"},{"taxonomy":"post_tag","embeddable":true,"href":"https:\/\/girasolmultimedios.com\/portal\/wp-json\/wp\/v2\/tags?post=3934"}],"curies":[{"name":"wp","href":"https:\/\/api.w.org\/{rel}","templated":true}]}}