{"id":3937,"date":"2026-02-05T09:54:17","date_gmt":"2026-02-05T15:54:17","guid":{"rendered":"https:\/\/girasolmultimedios.com\/portal\/?p=3937"},"modified":"2026-02-05T09:54:17","modified_gmt":"2026-02-05T15:54:17","slug":"inp-refuerza-operativos-e-inspecciones-en-carceles","status":"publish","type":"post","link":"https:\/\/girasolmultimedios.com\/portal\/inp-refuerza-operativos-e-inspecciones-en-carceles\/","title":{"rendered":"INP refuerza operativos e inspecciones en c\u00e1rceles"},"content":{"rendered":"\n<p>El Instituto Nacional Penitenciario (INP) intensific\u00f3 los operativos en los diferentes centros penales del pa\u00eds, con el fin de garantizar la seguridad y la vida de los privados de libertad.<\/p>\n\n\n\n<p>\u201cTenemos muy claro lo que debemos hacer\u00bb, expres\u00f3 el presidente de la comisi\u00f3n interventora de las Fuerzas Armadas en INP, coronel de caballer\u00eda Othoniel Gross Castillo.<\/p>\n\n\n\n<p>El oficial afirm\u00f3 que \u00abestamos intensificando los operativos a lo interno de los Centros Penitenciarios para poder descubrir si existen armas todav\u00eda\u201d, agreg\u00f3.<\/p>\n\n\n\n<p>Hace unos d\u00edas, las autoridades descubrieron varias armas \u201cencaletadas\u201d en el interior del Penal de La Tolva en el municipio de Morocel\u00ed, en el departamento de El Para\u00edso.<\/p>\n\n\n\n<p>En ese lugar se descubri\u00f3 una caleta con armas y municiones en uno de los m\u00f3dulos, en el que albergan a los cabecillas y miembros de la Mara Salvatrucha (MS-13).<\/p>\n\n\n\n<p>Gross Castillo tambi\u00e9n se refiri\u00f3 a la planificaci\u00f3n estrat\u00e9gica en la que se trabaja en el Sistema Penitenciario \u00abya que contamos con el conocimiento de las situaciones que est\u00e1n pr\u00f3ximas a poder ser evacuadas\u00bb.<\/p>\n\n\n\n<p>\u00abEsta planificaci\u00f3n nos crear\u00e1 un orden seguro en el desarrollo de las acciones en los Centros Penales, que es un tema de Seguridad Nacional\u201d, apunt\u00f3.<\/p>\n\n\n\n<p>\u201cNosotros estamos desarrollando la planificaci\u00f3n para implementarla de inmediato y que todas las actividades que puedan tener una mejor organizaci\u00f3n van a ser nuestra prioridad\u00bb, explic\u00f3.<\/p>\n\n\n\n<p>El oficial resalt\u00f3 que los avances en el Sistema Penitenciario han sido muy productivos en las diferentes tem\u00e1ticas como ser en Derechos Humanos, en seguridad, del manejo total de los Centros Penales.<\/p>\n\n\n\n<p>\u201cEstamos avanzando y este eje de trabajo lo vamos a seguir cumpliendo y nos vamos a tener al margen del cumplimiento de la Ley\u201d, manifest\u00f3.<\/p>\n\n\n\n<p>Referente a la seguridad y orden en los Centros Penitenciarios orientados a la gobernanza y detecci\u00f3n de objetos il\u00edcitos precis\u00f3 que \u00abesto es parte del compromiso de trabajo que tenemos al frente del Instituto Nacional Penitenciario.<\/p>\n\n\n\n<p>\u201cSabemos de que estas l\u00edneas estrat\u00e9gicas de acci\u00f3n van a poder llevarnos a obtener mejores resultados en lo que es el manejo adecuado de la seguridad dentro de los Centros Penitenciarios es nuestra responsabilidad que exista la seguridad para los privados de libertad\u00bb.<\/p>\n\n\n\n<p>De la misma manera, \u00abvamos a trabajar en este sentido es nuestra responsabilidad de poder proveer la seguridad y el adecuado manejo de los Centros Penitenciarios\u00bb.<\/p>\n\n\n\n<p>Anunci\u00f3 que continuar\u00e1n con las visitas a todos los centros penitenciarios para conocer in situ la problem\u00e1tica y ejecutar planes, desarrollo de la infraestructura, de la seguridad y de todas las condiciones que deben de existir para el respeto de los Derechos Humanos.<\/p>\n\n\n\n<p>En enero, las m\u00e1ximas autoridades a cargo de los Centros Penales de Honduras realizaron una inspecci\u00f3n y verificaci\u00f3n de avances en obra en la c\u00e1rcel de T\u00e1mara.<\/p>\n","protected":false},"excerpt":{"rendered":"<p>El Instituto Nacional Penitenciario (INP) intensific\u00f3 los operativos en los diferentes centros penales del pa\u00eds, con el fin de garantizar la seguridad y la vida de los privados de libertad. \u201cTenemos muy claro lo que debemos hacer\u00bb, expres\u00f3 el presidente de la comisi\u00f3n interventora de las Fuerzas Armadas en INP, coronel de caballer\u00eda Othoniel Gross [&hellip;]<\/p>\n","protected":false},"author":2,"featured_media":3938,"comment_status":"closed","ping_status":"open","sticky":false,"template":"","format":"standard","meta":{"_seopress_robots_primary_cat":"","_seopress_titles_title":"","_seopress_titles_desc":"","_seopress_robots_index":"","footnotes":""},"categories":[1],"tags":[],"class_list":["post-3937","post","type-post","status-publish","format-standard","has-post-thumbnail","hentry","category-sin-categoria"],"_links":{"self":[{"href":"https:\/\/girasolmultimedios.com\/portal\/wp-json\/wp\/v2\/posts\/3937","targetHints":{"allow":["GET"]}}],"collection":[{"href":"https:\/\/girasolmultimedios.com\/portal\/wp-json\/wp\/v2\/posts"}],"about":[{"href":"https:\/\/girasolmultimedios.com\/portal\/wp-json\/wp\/v2\/types\/post"}],"author":[{"embeddable":true,"href":"https:\/\/girasolmultimedios.com\/portal\/wp-json\/wp\/v2\/users\/2"}],"replies":[{"embeddable":true,"href":"https:\/\/girasolmultimedios.com\/portal\/wp-json\/wp\/v2\/comments?post=3937"}],"version-history":[{"count":1,"href":"https:\/\/girasolmultimedios.com\/portal\/wp-json\/wp\/v2\/posts\/3937\/revisions"}],"predecessor-version":[{"id":3939,"href":"https:\/\/girasolmultimedios.com\/portal\/wp-json\/wp\/v2\/posts\/3937\/revisions\/3939"}],"wp:featuredmedia":[{"embeddable":true,"href":"https:\/\/girasolmultimedios.com\/portal\/wp-json\/wp\/v2\/media\/3938"}],"wp:attachment":[{"href":"https:\/\/girasolmultimedios.com\/portal\/wp-json\/wp\/v2\/media?parent=3937"}],"wp:term":[{"taxonomy":"category","embeddable":true,"href":"https:\/\/girasolmultimedios.com\/portal\/wp-json\/wp\/v2\/categories?post=3937"},{"taxonomy":"post_tag","embeddable":true,"href":"https:\/\/girasolmultimedios.com\/portal\/wp-json\/wp\/v2\/tags?post=3937"}],"curies":[{"name":"wp","href":"https:\/\/api.w.org\/{rel}","templated":true}]}}