{"id":3940,"date":"2026-02-06T07:48:08","date_gmt":"2026-02-06T13:48:08","guid":{"rendered":"https:\/\/girasolmultimedios.com\/portal\/?p=3940"},"modified":"2026-02-06T07:48:09","modified_gmt":"2026-02-06T13:48:09","slug":"nombran-a-comisionado-gerson-velasquez-como-ministro-de-seguridad","status":"publish","type":"post","link":"https:\/\/girasolmultimedios.com\/portal\/nombran-a-comisionado-gerson-velasquez-como-ministro-de-seguridad\/","title":{"rendered":"Nombran a comisionado Gerson Vel\u00e1squez como ministro de Seguridad"},"content":{"rendered":"\n<p>El Presidente de la Rep\u00fablica Nasry Asfura continu\u00f3 con la conformaci\u00f3n de su gabinete de Gobierno, por lo que ya nombr\u00f3 al frente de la Secretar\u00eda de Seguridad al comisionado general en condici\u00f3n de retiro de la Polic\u00eda Nacional, Gerson Onan Vel\u00e1squez.<\/p>\n\n\n\n<p>Vel\u00e1squez durante su carrera activa se desempe\u00f1\u00f3 como titular de la Direcci\u00f3n de Planeamiento, Procedimientos Operativos y Mejora Continua de la Polic\u00eda Nacional de Honduras, tambi\u00e9n como director de la Direcci\u00f3n Nacional de Vialidad y Transporte en el 2021 cargo que le permiti\u00f3 impulsar desde procesos de evaluaci\u00f3n para una nueva Ley de Tr\u00e1nsito, adem\u00e1s de operativos de rescate durante emergencias provocadas por fen\u00f3menos naturales, entre ellos la tormenta Eta, entre otras misiones.<\/p>\n\n\n\n<p>Asimismo, desempe\u00f1\u00f3 como director de Planeamiento, Procedimientos Operativos y Mejora Continua dentro de la Polic\u00eda Nacional, un cargo estrat\u00e9gico enfocado en la modernizaci\u00f3n institucional y la optimizaci\u00f3n de los procesos operativos.<\/p>\n\n\n\n<p>Vel\u00e1squez es egresado de la 14 promoci\u00f3n de la Academia Nacional de Polic\u00eda (ANAPO), cuenta con formaci\u00f3n especializada en el Bur\u00f3 Federal de Investigaciones (FBI en ingl\u00e9s), en Estados Unidos, as\u00ed como en centros de perfeccionamiento para altos ejecutivos policiales en el Reino Unido, entre otros.<\/p>\n","protected":false},"excerpt":{"rendered":"<p>El Presidente de la Rep\u00fablica Nasry Asfura continu\u00f3 con la conformaci\u00f3n de su gabinete de Gobierno, por lo que ya nombr\u00f3 al frente de la Secretar\u00eda de Seguridad al comisionado general en condici\u00f3n de retiro de la Polic\u00eda Nacional, Gerson Onan Vel\u00e1squez. Vel\u00e1squez durante su carrera activa se desempe\u00f1\u00f3 como titular de la Direcci\u00f3n de [&hellip;]<\/p>\n","protected":false},"author":2,"featured_media":3941,"comment_status":"closed","ping_status":"open","sticky":false,"template":"","format":"standard","meta":{"_seopress_robots_primary_cat":"","_seopress_titles_title":"","_seopress_titles_desc":"","_seopress_robots_index":"","footnotes":""},"categories":[23],"tags":[],"class_list":["post-3940","post","type-post","status-publish","format-standard","has-post-thumbnail","hentry","category-nacionales"],"_links":{"self":[{"href":"https:\/\/girasolmultimedios.com\/portal\/wp-json\/wp\/v2\/posts\/3940","targetHints":{"allow":["GET"]}}],"collection":[{"href":"https:\/\/girasolmultimedios.com\/portal\/wp-json\/wp\/v2\/posts"}],"about":[{"href":"https:\/\/girasolmultimedios.com\/portal\/wp-json\/wp\/v2\/types\/post"}],"author":[{"embeddable":true,"href":"https:\/\/girasolmultimedios.com\/portal\/wp-json\/wp\/v2\/users\/2"}],"replies":[{"embeddable":true,"href":"https:\/\/girasolmultimedios.com\/portal\/wp-json\/wp\/v2\/comments?post=3940"}],"version-history":[{"count":1,"href":"https:\/\/girasolmultimedios.com\/portal\/wp-json\/wp\/v2\/posts\/3940\/revisions"}],"predecessor-version":[{"id":3942,"href":"https:\/\/girasolmultimedios.com\/portal\/wp-json\/wp\/v2\/posts\/3940\/revisions\/3942"}],"wp:featuredmedia":[{"embeddable":true,"href":"https:\/\/girasolmultimedios.com\/portal\/wp-json\/wp\/v2\/media\/3941"}],"wp:attachment":[{"href":"https:\/\/girasolmultimedios.com\/portal\/wp-json\/wp\/v2\/media?parent=3940"}],"wp:term":[{"taxonomy":"category","embeddable":true,"href":"https:\/\/girasolmultimedios.com\/portal\/wp-json\/wp\/v2\/categories?post=3940"},{"taxonomy":"post_tag","embeddable":true,"href":"https:\/\/girasolmultimedios.com\/portal\/wp-json\/wp\/v2\/tags?post=3940"}],"curies":[{"name":"wp","href":"https:\/\/api.w.org\/{rel}","templated":true}]}}