{"id":3946,"date":"2026-02-06T08:04:30","date_gmt":"2026-02-06T14:04:30","guid":{"rendered":"https:\/\/girasolmultimedios.com\/portal\/?p=3946"},"modified":"2026-02-06T08:04:30","modified_gmt":"2026-02-06T14:04:30","slug":"conductor-fallece-tras-aparatoso-accidente-en-san-pedro-sula","status":"publish","type":"post","link":"https:\/\/girasolmultimedios.com\/portal\/conductor-fallece-tras-aparatoso-accidente-en-san-pedro-sula\/","title":{"rendered":"Conductor fallece tras aparatoso accidente en San Pedro Sula"},"content":{"rendered":"\n<p>Una persona perdi\u00f3 la vida en la madrugada de este viernes tras un violento accidente de tr\u00e1nsito registrado en el bulevar Mackey de San Pedro Sula, una de las principales v\u00edas de la ciudad industrial.<\/p>\n\n\n\n<p>El hecho ocurri\u00f3 en horas de la madrugada, cuando por causas que a\u00fan son investigadas por las autoridades el conductor de una camioneta perdi\u00f3 el control del veh\u00edculo y sufri\u00f3 un fuerte impacto.<\/p>\n\n\n\n<p>La v\u00edctima qued\u00f3 atrapada entre los fierros retorcidos del automotor, por lo que fue necesaria la intervenci\u00f3n inmediata de equipos de rescate del Cuerpo de Bomberos para extraer el cuerpo.<\/p>\n\n\n\n<p>Hasta el momento se desconoce la identidad de la persona fallecida, as\u00ed como las circunstancias exactas que originaron el percance (velocidad excesiva, posible falla mec\u00e1nica u otro factor).<\/p>\n\n\n\n<p>Agentes de la Direcci\u00f3n Nacional de Vialidad y Transporte (DNVT) realizan las diligencias correspondientes en el lugar para determinar las responsabilidades.<\/p>\n\n\n\n<p>Se prev\u00e9 que tras el aparatoso accidente se genere congesti\u00f3n vehicular en el sector durante las labores de rescate y levantamiento del cuerpo, el cual ser\u00e1 trasladado a la morgue de San Pedro Sula para los procedimientos de rigor y posterior identificaci\u00f3n por parte de familiares.<\/p>\n\n\n\n<p>Las autoridades reiteran el llamado a la poblaci\u00f3n a conducir con precauci\u00f3n, respetar los l\u00edmites de velocidad y evitar distracciones al volante, especialmente en horarios de baja visibilidad como la madrugada, con el fin de reducir la siniestralidad vial que enluta a familias sampedranas.<\/p>\n","protected":false},"excerpt":{"rendered":"<p>Una persona perdi\u00f3 la vida en la madrugada de este viernes tras un violento accidente de tr\u00e1nsito registrado en el bulevar Mackey de San Pedro Sula, una de las principales v\u00edas de la ciudad industrial. El hecho ocurri\u00f3 en horas de la madrugada, cuando por causas que a\u00fan son investigadas por las autoridades el conductor [&hellip;]<\/p>\n","protected":false},"author":2,"featured_media":3947,"comment_status":"closed","ping_status":"open","sticky":false,"template":"","format":"standard","meta":{"_seopress_robots_primary_cat":"","_seopress_titles_title":"","_seopress_titles_desc":"","_seopress_robots_index":"","footnotes":""},"categories":[23],"tags":[214],"class_list":["post-3946","post","type-post","status-publish","format-standard","has-post-thumbnail","hentry","category-nacionales","tag-sucesos"],"_links":{"self":[{"href":"https:\/\/girasolmultimedios.com\/portal\/wp-json\/wp\/v2\/posts\/3946","targetHints":{"allow":["GET"]}}],"collection":[{"href":"https:\/\/girasolmultimedios.com\/portal\/wp-json\/wp\/v2\/posts"}],"about":[{"href":"https:\/\/girasolmultimedios.com\/portal\/wp-json\/wp\/v2\/types\/post"}],"author":[{"embeddable":true,"href":"https:\/\/girasolmultimedios.com\/portal\/wp-json\/wp\/v2\/users\/2"}],"replies":[{"embeddable":true,"href":"https:\/\/girasolmultimedios.com\/portal\/wp-json\/wp\/v2\/comments?post=3946"}],"version-history":[{"count":1,"href":"https:\/\/girasolmultimedios.com\/portal\/wp-json\/wp\/v2\/posts\/3946\/revisions"}],"predecessor-version":[{"id":3948,"href":"https:\/\/girasolmultimedios.com\/portal\/wp-json\/wp\/v2\/posts\/3946\/revisions\/3948"}],"wp:featuredmedia":[{"embeddable":true,"href":"https:\/\/girasolmultimedios.com\/portal\/wp-json\/wp\/v2\/media\/3947"}],"wp:attachment":[{"href":"https:\/\/girasolmultimedios.com\/portal\/wp-json\/wp\/v2\/media?parent=3946"}],"wp:term":[{"taxonomy":"category","embeddable":true,"href":"https:\/\/girasolmultimedios.com\/portal\/wp-json\/wp\/v2\/categories?post=3946"},{"taxonomy":"post_tag","embeddable":true,"href":"https:\/\/girasolmultimedios.com\/portal\/wp-json\/wp\/v2\/tags?post=3946"}],"curies":[{"name":"wp","href":"https:\/\/api.w.org\/{rel}","templated":true}]}}