{"id":3949,"date":"2026-02-06T08:15:36","date_gmt":"2026-02-06T14:15:36","guid":{"rendered":"https:\/\/girasolmultimedios.com\/portal\/?p=3949"},"modified":"2026-02-06T08:29:50","modified_gmt":"2026-02-06T14:29:50","slug":"kathia-crivelli-asume-como-viceministra-de-la-secretaria-de-derechos-humanos-en-honduras","status":"publish","type":"post","link":"https:\/\/girasolmultimedios.com\/portal\/kathia-crivelli-asume-como-viceministra-de-la-secretaria-de-derechos-humanos-en-honduras\/","title":{"rendered":"Kathia Crivelli es juramentada como viceministra de Derechos Humanos"},"content":{"rendered":"\n<p>La exdiputada del Partido Liberal, Kathia Crivelli, fue juramentada el jueves como viceministra de la Secretar\u00eda de Derechos Humanos (SEDH), inform\u00f3 la funcionaria a medios de comunicaci\u00f3n en Casa Presidencial.<\/p>\n\n\n\n<p>Crivelli indic\u00f3 que comenzar\u00e1 a desempe\u00f1ar sus funciones a partir de este viernes y se comprometi\u00f3 a trabajar en la promoci\u00f3n y protecci\u00f3n de los derechos humanos en el pa\u00eds.<\/p>\n\n\n\n<p>Originaria de Choloma, departamento de Cort\u00e9s, Crivelli ha tenido una trayectoria pol\u00edtica vinculada a su familia, ya que es hija de Leopoldo Crivelli, quien fue alcalde de la ciudad en varios per\u00edodos. Adem\u00e1s, se desempe\u00f1\u00f3 como diputada del Partido Liberal por el departamento de Cort\u00e9s, cargo que le permiti\u00f3 adquirir experiencia en el \u00e1mbito legislativo y en la gesti\u00f3n p\u00fablica.<\/p>\n\n\n\n<p>La SEDH es la entidad del Poder Ejecutivo encargada de garantizar el respeto de los derechos humanos en Honduras y la protecci\u00f3n de los defensores de estas garant\u00edas. Con su nombramiento, Crivelli se suma al equipo de la secretar\u00eda con la misi\u00f3n de fortalecer estas funciones y atender los desaf\u00edos en la materia.<\/p>\n","protected":false},"excerpt":{"rendered":"<p>La exdiputada del Partido Liberal, Kathia Crivelli, fue juramentada el jueves como viceministra de la Secretar\u00eda de Derechos Humanos (SEDH), inform\u00f3 la funcionaria a medios de comunicaci\u00f3n en Casa Presidencial. Crivelli indic\u00f3 que comenzar\u00e1 a desempe\u00f1ar sus funciones a partir de este viernes y se comprometi\u00f3 a trabajar en la promoci\u00f3n y protecci\u00f3n de los [&hellip;]<\/p>\n","protected":false},"author":2,"featured_media":3950,"comment_status":"closed","ping_status":"open","sticky":false,"template":"","format":"standard","meta":{"_seopress_robots_primary_cat":"","_seopress_titles_title":"","_seopress_titles_desc":"","_seopress_robots_index":"","footnotes":""},"categories":[1],"tags":[],"class_list":["post-3949","post","type-post","status-publish","format-standard","has-post-thumbnail","hentry","category-sin-categoria"],"_links":{"self":[{"href":"https:\/\/girasolmultimedios.com\/portal\/wp-json\/wp\/v2\/posts\/3949","targetHints":{"allow":["GET"]}}],"collection":[{"href":"https:\/\/girasolmultimedios.com\/portal\/wp-json\/wp\/v2\/posts"}],"about":[{"href":"https:\/\/girasolmultimedios.com\/portal\/wp-json\/wp\/v2\/types\/post"}],"author":[{"embeddable":true,"href":"https:\/\/girasolmultimedios.com\/portal\/wp-json\/wp\/v2\/users\/2"}],"replies":[{"embeddable":true,"href":"https:\/\/girasolmultimedios.com\/portal\/wp-json\/wp\/v2\/comments?post=3949"}],"version-history":[{"count":2,"href":"https:\/\/girasolmultimedios.com\/portal\/wp-json\/wp\/v2\/posts\/3949\/revisions"}],"predecessor-version":[{"id":3952,"href":"https:\/\/girasolmultimedios.com\/portal\/wp-json\/wp\/v2\/posts\/3949\/revisions\/3952"}],"wp:featuredmedia":[{"embeddable":true,"href":"https:\/\/girasolmultimedios.com\/portal\/wp-json\/wp\/v2\/media\/3950"}],"wp:attachment":[{"href":"https:\/\/girasolmultimedios.com\/portal\/wp-json\/wp\/v2\/media?parent=3949"}],"wp:term":[{"taxonomy":"category","embeddable":true,"href":"https:\/\/girasolmultimedios.com\/portal\/wp-json\/wp\/v2\/categories?post=3949"},{"taxonomy":"post_tag","embeddable":true,"href":"https:\/\/girasolmultimedios.com\/portal\/wp-json\/wp\/v2\/tags?post=3949"}],"curies":[{"name":"wp","href":"https:\/\/api.w.org\/{rel}","templated":true}]}}