{"id":3956,"date":"2026-02-06T10:26:28","date_gmt":"2026-02-06T16:26:28","guid":{"rendered":"https:\/\/girasolmultimedios.com\/portal\/?p=3956"},"modified":"2026-02-06T10:26:28","modified_gmt":"2026-02-06T16:26:28","slug":"exministro-de-sedesol-confio-en-la-justicia-espero-demostrar-mi-inocencia","status":"publish","type":"post","link":"https:\/\/girasolmultimedios.com\/portal\/exministro-de-sedesol-confio-en-la-justicia-espero-demostrar-mi-inocencia\/","title":{"rendered":"Exministro de Sedesol: \u00abConf\u00edo en la justicia, espero demostrar mi inocencia\u00bb"},"content":{"rendered":"\n<p>El exministro de la Secretar\u00eda de Desarrollo Social (Sedesol), Jos\u00e9 Carlos Cardona Erazo, compareci\u00f3 este viernes ante la Corte Suprema de Justicia (CSJ) para la audiencia inicial en el marco del caso denominado \u201cChequesol\u201d, en el que enfrenta acusaciones por varios delitos de fraude relacionados con el presunto desv\u00edo de fondos p\u00fablicos.<\/p>\n\n\n\n<p>Durante su llegada al recinto judicial, Cardona Erazo expres\u00f3 su confianza en el sistema judicial y manifest\u00f3 su disposici\u00f3n a defenderse de las imputaciones.<\/p>\n\n\n\n<p>\u201cCon el cambio de Gobierno, esta nueva Corte Suprema est\u00e1 demostrando un respeto por las garant\u00edas constitucionales y eso, en cierta medida, es una se\u00f1al de que el pa\u00eds est\u00e1 democratiz\u00e1ndose\u201d, declar\u00f3 el exfuncionario.<\/p>\n\n\n\n<p>El extitular de Sedesol enfatiz\u00f3 su presentaci\u00f3n voluntaria ante las autoridades: \u201cEstoy listo para defenderme, renunci\u00e9 a mi cargo para ponerme a la orden de la justicia. Nunca se me tom\u00f3 declaraci\u00f3n, pero me present\u00e9 voluntariamente. Conf\u00edo en la justicia y espero demostrar mi inocencia\u201d.<\/p>\n\n\n\n<p>Cardona Erazo cuestion\u00f3 las acusaciones en su contra, se\u00f1alando que la Fiscal\u00eda debe probar la supuesta confabulaci\u00f3n: \u201cTienen que demostrar si es verdad que las 12 personas nos confabulamos para hacer lo que ellos dicen que se hizo. Yo estoy listo para dar mi declaraci\u00f3n cuando lo necesiten y estoy confiando en la ley, en la justicia de mi pa\u00eds y en mi inocencia. Yo no estar\u00eda con la frente en alto si yo hubiera planificado o sido parte de esa operaci\u00f3n\u201d, subray\u00f3.<\/p>\n\n\n\n<p>En un tono visiblemente molesto, el exministro defendi\u00f3 su gesti\u00f3n al frente de la instituci\u00f3n: \u201cManej\u00e9 dos instituciones y cerca de diez programas del gobierno anterior. Nunca se malvers\u00f3 ni un centavo. Nunca hubo un esc\u00e1ndalo de corrupci\u00f3n por ninguno de esos programas sociales. O sea, hicimos un buen trabajo. Sal\u00ed por la puerta de atr\u00e1s, humillado, delante de todo el pa\u00eds. Me hicieron pasar la verg\u00fcenza de ir a un consejo de ministros para renunciar y lo hice\u201d.<\/p>\n\n\n\n<p>El caso \u201cChequesol\u201d involucra a 12 personas, entre ellas la diputada Isis Carolina Cu\u00e9llar Erazo y varios exfuncionarios de Sedesol, por la presunta comisi\u00f3n de 67 delitos de fraude relacionados con el manejo irregular de m\u00e1s de seis millones de lempiras provenientes de fondos destinados a programas sociales, principalmente a trav\u00e9s del Fondo de Administraci\u00f3n Solidaria en el departamento de Cop\u00e1n.<\/p>\n\n\n\n<p>La audiencia inicial busca que el juez eval\u00fae la admisibilidad de la acusaci\u00f3n fiscal, examine las pruebas presentadas y determine los pasos procesales a seguir.<\/p>\n\n\n\n<p>Jos\u00e9 Carlos Cardona Erazo y los otros implicados en el caso \u00abChequesol\u00bb permanecen bajo la medida de arresto domiciliario, la cual fue dictada previamente por el juez natural, mientras avanza el proceso judicial.<\/p>\n","protected":false},"excerpt":{"rendered":"<p>El exministro de la Secretar\u00eda de Desarrollo Social (Sedesol), Jos\u00e9 Carlos Cardona Erazo, compareci\u00f3 este viernes ante la Corte Suprema de Justicia (CSJ) para la audiencia inicial en el marco del caso denominado \u201cChequesol\u201d, en el que enfrenta acusaciones por varios delitos de fraude relacionados con el presunto desv\u00edo de fondos p\u00fablicos. Durante su llegada [&hellip;]<\/p>\n","protected":false},"author":2,"featured_media":3957,"comment_status":"closed","ping_status":"open","sticky":false,"template":"","format":"standard","meta":{"_seopress_robots_primary_cat":"","_seopress_titles_title":"","_seopress_titles_desc":"","_seopress_robots_index":"","footnotes":""},"categories":[1],"tags":[],"class_list":["post-3956","post","type-post","status-publish","format-standard","has-post-thumbnail","hentry","category-sin-categoria"],"_links":{"self":[{"href":"https:\/\/girasolmultimedios.com\/portal\/wp-json\/wp\/v2\/posts\/3956","targetHints":{"allow":["GET"]}}],"collection":[{"href":"https:\/\/girasolmultimedios.com\/portal\/wp-json\/wp\/v2\/posts"}],"about":[{"href":"https:\/\/girasolmultimedios.com\/portal\/wp-json\/wp\/v2\/types\/post"}],"author":[{"embeddable":true,"href":"https:\/\/girasolmultimedios.com\/portal\/wp-json\/wp\/v2\/users\/2"}],"replies":[{"embeddable":true,"href":"https:\/\/girasolmultimedios.com\/portal\/wp-json\/wp\/v2\/comments?post=3956"}],"version-history":[{"count":1,"href":"https:\/\/girasolmultimedios.com\/portal\/wp-json\/wp\/v2\/posts\/3956\/revisions"}],"predecessor-version":[{"id":3958,"href":"https:\/\/girasolmultimedios.com\/portal\/wp-json\/wp\/v2\/posts\/3956\/revisions\/3958"}],"wp:featuredmedia":[{"embeddable":true,"href":"https:\/\/girasolmultimedios.com\/portal\/wp-json\/wp\/v2\/media\/3957"}],"wp:attachment":[{"href":"https:\/\/girasolmultimedios.com\/portal\/wp-json\/wp\/v2\/media?parent=3956"}],"wp:term":[{"taxonomy":"category","embeddable":true,"href":"https:\/\/girasolmultimedios.com\/portal\/wp-json\/wp\/v2\/categories?post=3956"},{"taxonomy":"post_tag","embeddable":true,"href":"https:\/\/girasolmultimedios.com\/portal\/wp-json\/wp\/v2\/tags?post=3956"}],"curies":[{"name":"wp","href":"https:\/\/api.w.org\/{rel}","templated":true}]}}