{"id":3959,"date":"2026-02-06T10:29:08","date_gmt":"2026-02-06T16:29:08","guid":{"rendered":"https:\/\/girasolmultimedios.com\/portal\/?p=3959"},"modified":"2026-02-06T10:29:08","modified_gmt":"2026-02-06T16:29:08","slug":"chico-pide-declarar-emergencia-vial-antes-de-semana-santa","status":"publish","type":"post","link":"https:\/\/girasolmultimedios.com\/portal\/chico-pide-declarar-emergencia-vial-antes-de-semana-santa\/","title":{"rendered":"Chico pide declarar emergencia vial antes de Semana Santa"},"content":{"rendered":"\n<p>El director ejecutivo de la\u00a0C\u00e1mara Hondure\u00f1a de la Industria de la Construcci\u00f3n (Chico), Silvio Larios, pidi\u00f3 declarar emergencia en la red vial para acelerar las reparaciones antes de Semana Santa y garantizar la seguridad de los viajeros.<\/p>\n\n\n\n<p>Larios advirti\u00f3 que los plazos de la Ley de Contrataci\u00f3n del Estado retrasar\u00edan el inicio de las obras y podr\u00edan dejar a las carreteras sin intervenci\u00f3n durante la temporada alta.<\/p>\n\n\n\n<p>Asegur\u00f3 que la declaratoria permitir\u00eda rehabilitar v\u00edas en zonas tur\u00edsticas, generar empleo y ejecutar proyectos en m\u00e1s de 2,700 kil\u00f3metros de infraestructura.<\/p>\n\n\n\n<p>El directivo sostuvo que la mejora del tr\u00e1nsito impulsar\u00e1 la econom\u00eda local, especialmente restaurantes y comercios, al atraer m\u00e1s visitantes y elevar la seguridad vial.<\/p>\n\n\n\n<p>En respuesta, el gobierno del presidente Nasry \u201cTito\u201d Asfura envi\u00f3 al Congreso Nacional el proyecto de Ley Especial de Emergencia Vial, que autoriza la intervenci\u00f3n inmediata de m\u00e1s de 2,700 kil\u00f3metros de carreteras en estado cr\u00edtico, confirm\u00f3 el secretario legislativo Carlos Ledezma.<\/p>\n\n\n\n<p>La iniciativa prioriza bacheo y limpieza para asegurar condiciones \u00f3ptimas antes de Semana Santa y simplifica la compra de insumos y la contrataci\u00f3n de constructoras, con el fin de eliminar trabas burocr\u00e1ticas y agilizar la recuperaci\u00f3n de la red vial.<\/p>\n","protected":false},"excerpt":{"rendered":"<p>El director ejecutivo de la\u00a0C\u00e1mara Hondure\u00f1a de la Industria de la Construcci\u00f3n (Chico), Silvio Larios, pidi\u00f3 declarar emergencia en la red vial para acelerar las reparaciones antes de Semana Santa y garantizar la seguridad de los viajeros. Larios advirti\u00f3 que los plazos de la Ley de Contrataci\u00f3n del Estado retrasar\u00edan el inicio de las obras [&hellip;]<\/p>\n","protected":false},"author":2,"featured_media":3960,"comment_status":"closed","ping_status":"open","sticky":false,"template":"","format":"standard","meta":{"_seopress_robots_primary_cat":"","_seopress_titles_title":"","_seopress_titles_desc":"","_seopress_robots_index":"","footnotes":""},"categories":[1],"tags":[],"class_list":["post-3959","post","type-post","status-publish","format-standard","has-post-thumbnail","hentry","category-sin-categoria"],"_links":{"self":[{"href":"https:\/\/girasolmultimedios.com\/portal\/wp-json\/wp\/v2\/posts\/3959","targetHints":{"allow":["GET"]}}],"collection":[{"href":"https:\/\/girasolmultimedios.com\/portal\/wp-json\/wp\/v2\/posts"}],"about":[{"href":"https:\/\/girasolmultimedios.com\/portal\/wp-json\/wp\/v2\/types\/post"}],"author":[{"embeddable":true,"href":"https:\/\/girasolmultimedios.com\/portal\/wp-json\/wp\/v2\/users\/2"}],"replies":[{"embeddable":true,"href":"https:\/\/girasolmultimedios.com\/portal\/wp-json\/wp\/v2\/comments?post=3959"}],"version-history":[{"count":1,"href":"https:\/\/girasolmultimedios.com\/portal\/wp-json\/wp\/v2\/posts\/3959\/revisions"}],"predecessor-version":[{"id":3961,"href":"https:\/\/girasolmultimedios.com\/portal\/wp-json\/wp\/v2\/posts\/3959\/revisions\/3961"}],"wp:featuredmedia":[{"embeddable":true,"href":"https:\/\/girasolmultimedios.com\/portal\/wp-json\/wp\/v2\/media\/3960"}],"wp:attachment":[{"href":"https:\/\/girasolmultimedios.com\/portal\/wp-json\/wp\/v2\/media?parent=3959"}],"wp:term":[{"taxonomy":"category","embeddable":true,"href":"https:\/\/girasolmultimedios.com\/portal\/wp-json\/wp\/v2\/categories?post=3959"},{"taxonomy":"post_tag","embeddable":true,"href":"https:\/\/girasolmultimedios.com\/portal\/wp-json\/wp\/v2\/tags?post=3959"}],"curies":[{"name":"wp","href":"https:\/\/api.w.org\/{rel}","templated":true}]}}