{"id":3962,"date":"2026-02-06T10:30:50","date_gmt":"2026-02-06T16:30:50","guid":{"rendered":"https:\/\/girasolmultimedios.com\/portal\/?p=3962"},"modified":"2026-02-06T10:30:51","modified_gmt":"2026-02-06T16:30:51","slug":"quien-es-el-nuevo-titular-de-la-secretaria-de-seguridad","status":"publish","type":"post","link":"https:\/\/girasolmultimedios.com\/portal\/quien-es-el-nuevo-titular-de-la-secretaria-de-seguridad\/","title":{"rendered":"\u00bfQui\u00e9n es el nuevo titular de la Secretar\u00eda de Seguridad?"},"content":{"rendered":"\n<p>El presidente de la Rep\u00fablica de Honduras, Nasry \u201cTito\u201d Asfura, jurament\u00f3 este jueves 5 de febrero al comisionado general de Polic\u00eda en condici\u00f3n de retiro Gerson On\u00e1n Velasquez Aguilera, como nuevo secretario de Estado en los Despachos de Seguridad.<\/p>\n\n\n\n<p>Con esta designaci\u00f3n, el Gobierno completa una de las plazas pendientes en las secretar\u00edas de mayor relevancia estrat\u00e9gica para el pa\u00eds, en el marco de la conformaci\u00f3n del gabinete tras la asunci\u00f3n presidencial.<\/p>\n\n\n\n<p>Vel\u00e1squez asumi\u00f3 el mando de la seguridad ciudadana con una hoja de servicios marcada por la especializaci\u00f3n internacional, tras cursar estudios en el Bur\u00f3 Federal de Investigaciones (FBI) de Estados Unidos y participar en programas para altos mandos policiales en Reino Unido, informaron fuentes oficiales.<\/p>\n\n\n\n<p>Cuenta con m\u00e1s de 30 a\u00f1os de experiencia en el sector de seguridad p\u00fablica, habiendo desempe\u00f1ado roles operativos, t\u00e9cnicos, administrativos y de alta gesti\u00f3n tanto en agencias policiales como en organismos de inteligencia.<\/p>\n\n\n\n<p>A lo largo de su trayectoria profesional ha desarrollado competencias especializadas en:<\/p>\n\n\n\n<ul class=\"wp-block-list\">\n<li>Seguridad ciudadana<\/li>\n\n\n\n<li>Investigaci\u00f3n criminal<\/li>\n\n\n\n<li>Inteligencia operativa y estrat\u00e9gica<\/li>\n\n\n\n<li>Planeaci\u00f3n estrat\u00e9gica<\/li>\n\n\n\n<li>Gesti\u00f3n de proyectos<\/li>\n\n\n\n<li>Capacitaci\u00f3n y formaci\u00f3n policial<\/li>\n<\/ul>\n\n\n\n<p>Adem\u00e1s, ha participado como conferencista en temas relacionados con seguridad, inteligencia y reformas al sector seguridad y justicia.<\/p>\n\n\n\n<p>Uno de los hitos m\u00e1s destacados de su carrera fue su rol como director del Programa de Apoyo a la Pol\u00edtica Integral de Convivencia y Seguridad Ciudadana de Honduras, financiado con el pr\u00e9stamo BID 2745\/BL-HO y donaciones de la Agencia Suiza para el Desarrollo y la Cooperaci\u00f3n (COSUDE), con una inversi\u00f3n total de 75.8 millones de d\u00f3lares.<\/p>\n\n\n\n<p>Este programa se ejecut\u00f3 en tiempo y forma, y es reconocido como uno de los pilares fundamentales en el proceso de reforma y modernizaci\u00f3n de la Polic\u00eda Nacional de Honduras, lo que le vali\u00f3 amplio reconocimiento t\u00e9cnico e institucional.<\/p>\n\n\n\n<p>El nuevo secretario de Seguridad asume el reto de dirigir las pol\u00edticas de seguridad p\u00fablica, la prevenci\u00f3n del delito, la coordinaci\u00f3n con la Polic\u00eda Nacional y la implementaci\u00f3n de estrategias para fortalecer la convivencia ciudadana en todo el territorio nacional.<\/p>\n","protected":false},"excerpt":{"rendered":"<p>El presidente de la Rep\u00fablica de Honduras, Nasry \u201cTito\u201d Asfura, jurament\u00f3 este jueves 5 de febrero al comisionado general de Polic\u00eda en condici\u00f3n de retiro Gerson On\u00e1n Velasquez Aguilera, como nuevo secretario de Estado en los Despachos de Seguridad. Con esta designaci\u00f3n, el Gobierno completa una de las plazas pendientes en las secretar\u00edas de mayor [&hellip;]<\/p>\n","protected":false},"author":2,"featured_media":3963,"comment_status":"closed","ping_status":"open","sticky":false,"template":"","format":"standard","meta":{"_seopress_robots_primary_cat":"","_seopress_titles_title":"","_seopress_titles_desc":"","_seopress_robots_index":"","footnotes":""},"categories":[1],"tags":[],"class_list":["post-3962","post","type-post","status-publish","format-standard","has-post-thumbnail","hentry","category-sin-categoria"],"_links":{"self":[{"href":"https:\/\/girasolmultimedios.com\/portal\/wp-json\/wp\/v2\/posts\/3962","targetHints":{"allow":["GET"]}}],"collection":[{"href":"https:\/\/girasolmultimedios.com\/portal\/wp-json\/wp\/v2\/posts"}],"about":[{"href":"https:\/\/girasolmultimedios.com\/portal\/wp-json\/wp\/v2\/types\/post"}],"author":[{"embeddable":true,"href":"https:\/\/girasolmultimedios.com\/portal\/wp-json\/wp\/v2\/users\/2"}],"replies":[{"embeddable":true,"href":"https:\/\/girasolmultimedios.com\/portal\/wp-json\/wp\/v2\/comments?post=3962"}],"version-history":[{"count":1,"href":"https:\/\/girasolmultimedios.com\/portal\/wp-json\/wp\/v2\/posts\/3962\/revisions"}],"predecessor-version":[{"id":3964,"href":"https:\/\/girasolmultimedios.com\/portal\/wp-json\/wp\/v2\/posts\/3962\/revisions\/3964"}],"wp:featuredmedia":[{"embeddable":true,"href":"https:\/\/girasolmultimedios.com\/portal\/wp-json\/wp\/v2\/media\/3963"}],"wp:attachment":[{"href":"https:\/\/girasolmultimedios.com\/portal\/wp-json\/wp\/v2\/media?parent=3962"}],"wp:term":[{"taxonomy":"category","embeddable":true,"href":"https:\/\/girasolmultimedios.com\/portal\/wp-json\/wp\/v2\/categories?post=3962"},{"taxonomy":"post_tag","embeddable":true,"href":"https:\/\/girasolmultimedios.com\/portal\/wp-json\/wp\/v2\/tags?post=3962"}],"curies":[{"name":"wp","href":"https:\/\/api.w.org\/{rel}","templated":true}]}}