{"id":3974,"date":"2026-02-06T10:39:45","date_gmt":"2026-02-06T16:39:45","guid":{"rendered":"https:\/\/girasolmultimedios.com\/portal\/?p=3974"},"modified":"2026-02-06T10:39:46","modified_gmt":"2026-02-06T16:39:46","slug":"audiencia-inicial-del-caso-chequesol-se-realizara-este-viernes","status":"publish","type":"post","link":"https:\/\/girasolmultimedios.com\/portal\/audiencia-inicial-del-caso-chequesol-se-realizara-este-viernes\/","title":{"rendered":"Audiencia inicial del caso \u00abchequesol\u00bb se realizar\u00e1 este viernes"},"content":{"rendered":"\n<p>Este viernes 6 de febrero, a las 9:00 de la ma\u00f1ana, se llevar\u00e1 a cabo la audiencia inicial en el marco del caso conocido como \u00abChequesol\u00bb, en el que est\u00e1n imputados la diputada del partido Libertad y Refundaci\u00f3n (Libre), Isis Carolina Cu\u00e9llar Erazo, y el exministro de la Secretar\u00eda de Desarrollo Social (Sedesol), Jos\u00e9 Carlos Cardona Erazo, junto a otros diez procesados.<\/p>\n\n\n\n<p>En esta etapa procesal, el Ministerio P\u00fablico, a trav\u00e9s de la Fiscal\u00eda Especial para la Transparencia y Combate a la Corrupci\u00f3n P\u00fablica (FETCOOP), presentar\u00e1 los medios de prueba con los que sustenta la acusaci\u00f3n penal contra los imputados.<\/p>\n\n\n\n<p>La Fiscal\u00eda acusa a los involucrados por la presunta comisi\u00f3n de 67 delitos de fraude, que habr\u00edan generado un perjuicio econ\u00f3mico al Estado de Honduras superior a los seis millones de lempiras (aproximadamente 228,000 d\u00f3lares estadounidenses), mediante el supuesto desv\u00edo irregular de fondos p\u00fablicos destinados a programas sociales.<\/p>\n\n\n\n<p>La audiencia, que se desarrollar\u00e1 ante el juez competente, tiene como prop\u00f3sito que el \u00f3rgano jurisdiccional eval\u00fae la admisibilidad de la acusaci\u00f3n fiscal, examine las pruebas presentadas y determine si existen elementos suficientes para continuar el proceso penal.<\/p>\n\n\n\n<p>Durante esta diligencia, los imputados \u2014incluyendo a la diputada Cu\u00e9llar y al exfuncionario Cardona\u2014 comparecer\u00e1n nuevamente ante la justicia para enfrentar las imputaciones en su contra.<\/p>\n\n\n\n<p>Cabe recordar que, en d\u00edas recientes, el caso ha generado gran expectativa p\u00fablica tras la imposici\u00f3n de medidas cautelares a varios de los procesados, incluyendo arresto domiciliario, suspensi\u00f3n temporal de cargo p\u00fablico en el caso de la diputada Cu\u00e9llar, prohibici\u00f3n de salida del pa\u00eds y restricciones de comunicaci\u00f3n entre los imputados, dictadas en audiencias previas de declaraci\u00f3n de imputados.<\/p>\n\n\n\n<p>El Ministerio P\u00fablico ha enfatizado que el proceso busca esclarecer los hechos denunciados y garantizar el respeto al debido proceso para todas las partes involucradas.<\/p>\n\n\n\n<p>Se espera que la audiencia inicial aporte mayores elementos de claridad sobre las acusaciones y las l\u00edneas de defensa que presentar\u00e1n los imputados.<\/p>\n","protected":false},"excerpt":{"rendered":"<p>Este viernes 6 de febrero, a las 9:00 de la ma\u00f1ana, se llevar\u00e1 a cabo la audiencia inicial en el marco del caso conocido como \u00abChequesol\u00bb, en el que est\u00e1n imputados la diputada del partido Libertad y Refundaci\u00f3n (Libre), Isis Carolina Cu\u00e9llar Erazo, y el exministro de la Secretar\u00eda de Desarrollo Social (Sedesol), Jos\u00e9 Carlos [&hellip;]<\/p>\n","protected":false},"author":2,"featured_media":3975,"comment_status":"closed","ping_status":"open","sticky":false,"template":"","format":"standard","meta":{"_seopress_robots_primary_cat":"","_seopress_titles_title":"","_seopress_titles_desc":"","_seopress_robots_index":"","footnotes":""},"categories":[1],"tags":[],"class_list":["post-3974","post","type-post","status-publish","format-standard","has-post-thumbnail","hentry","category-sin-categoria"],"_links":{"self":[{"href":"https:\/\/girasolmultimedios.com\/portal\/wp-json\/wp\/v2\/posts\/3974","targetHints":{"allow":["GET"]}}],"collection":[{"href":"https:\/\/girasolmultimedios.com\/portal\/wp-json\/wp\/v2\/posts"}],"about":[{"href":"https:\/\/girasolmultimedios.com\/portal\/wp-json\/wp\/v2\/types\/post"}],"author":[{"embeddable":true,"href":"https:\/\/girasolmultimedios.com\/portal\/wp-json\/wp\/v2\/users\/2"}],"replies":[{"embeddable":true,"href":"https:\/\/girasolmultimedios.com\/portal\/wp-json\/wp\/v2\/comments?post=3974"}],"version-history":[{"count":1,"href":"https:\/\/girasolmultimedios.com\/portal\/wp-json\/wp\/v2\/posts\/3974\/revisions"}],"predecessor-version":[{"id":3976,"href":"https:\/\/girasolmultimedios.com\/portal\/wp-json\/wp\/v2\/posts\/3974\/revisions\/3976"}],"wp:featuredmedia":[{"embeddable":true,"href":"https:\/\/girasolmultimedios.com\/portal\/wp-json\/wp\/v2\/media\/3975"}],"wp:attachment":[{"href":"https:\/\/girasolmultimedios.com\/portal\/wp-json\/wp\/v2\/media?parent=3974"}],"wp:term":[{"taxonomy":"category","embeddable":true,"href":"https:\/\/girasolmultimedios.com\/portal\/wp-json\/wp\/v2\/categories?post=3974"},{"taxonomy":"post_tag","embeddable":true,"href":"https:\/\/girasolmultimedios.com\/portal\/wp-json\/wp\/v2\/tags?post=3974"}],"curies":[{"name":"wp","href":"https:\/\/api.w.org\/{rel}","templated":true}]}}