{"id":3983,"date":"2026-02-06T10:45:23","date_gmt":"2026-02-06T16:45:23","guid":{"rendered":"https:\/\/girasolmultimedios.com\/portal\/?p=3983"},"modified":"2026-02-06T10:45:23","modified_gmt":"2026-02-06T16:45:23","slug":"aprueban-ley-de-medidas-para-emergencia-sanitaria","status":"publish","type":"post","link":"https:\/\/girasolmultimedios.com\/portal\/aprueban-ley-de-medidas-para-emergencia-sanitaria\/","title":{"rendered":"Aprueban Ley de Medidas para emergencia sanitaria"},"content":{"rendered":"\n<p>En sus primeras siete sesiones legislativas, el Congreso Nacional (CN) ha aprobado importantes iniciativas orientadas al bienestar social, la reactivaci\u00f3n econ\u00f3mica y el fortalecimiento institucional, reflejando una din\u00e1mica de trabajo basada en el di\u00e1logo y los consensos, bajo el liderazgo de su presidente, Tom\u00e1s Zambrano.<\/p>\n\n\n\n<p>Desde el inicio del nuevo per\u00edodo (2026-2030), el Legislativo ha priorizado una agenda enfocada en responder a las principales demandas de la ciudadan\u00eda, promoviendo acuerdos entre las distintas bancadas para avanzar con eficiencia en proyectos de alto impacto en beneficio del pueblo hondure\u00f1o.<\/p>\n\n\n\n<p>Como resultado de este trabajo conjunto, en las primeras sesiones desde la instalaci\u00f3n de la primera legislatura, el 25 de enero pasado, se han aprobado distintos decretos e iniciativas, entre ellas la venta del avi\u00f3n presidencial, con el objetivo de reducir gastos del Estado y redirigir recursos a sectores prioritarios como salud, educaci\u00f3n y desarrollo social.<\/p>\n\n\n\n<h3 class=\"wp-block-heading\">SERVICIOS HOSPITALARIOS<\/h3>\n\n\n\n<p>Tambi\u00e9n destaca la Ley de Medidas Excepcionales, que decreta un estado de emergencia en el sector salud, orientado a fortalecer la atenci\u00f3n al pueblo en \u00e1reas sensibles como servicios hospitalarios, abastecimiento de medicamentos y reducci\u00f3n de la mora quir\u00fargica.<\/p>\n\n\n\n<p>Igualmente se aprob\u00f3 la ampliaci\u00f3n de la cobertura de la Universidad Nacional Aut\u00f3noma de Honduras (UNAH), que permitir\u00e1 la creaci\u00f3n de nuevos campus universitarios en ocho departamentos sin presencia de educaci\u00f3n superior p\u00fablica.<\/p>\n\n\n\n<p>A esas iniciativas se suma el decreto de amnist\u00edas en materia municipal, energ\u00e9tica, vehicular, tributaria y de servicios b\u00e1sicos, facilitando a miles de familias regularizar sus obligaciones sin recargos ni intereses.<\/p>\n\n\n\n<p>Tambi\u00e9n fue aprobada la elecci\u00f3n del procurador y subprocurador generales de la Rep\u00fablica, fortaleciendo el marco institucional y el funcionamiento del sistema de justicia del pa\u00eds.<\/p>\n\n\n\n<p>Asimismo, la ampliaci\u00f3n del R\u00e9gimen de Importaci\u00f3n Temporal (RIT), destinada a incentivar la inversi\u00f3n, fortalecer la industria nacional y generar nuevas fuentes de empleo.<\/p>\n\n\n\n<p>De igual manera, se aprob\u00f3 por unanimidad la moci\u00f3n para crear una comisi\u00f3n especial que analizar\u00e1 la viabilidad de la lectura de la Biblia en los centros educativos y la promoci\u00f3n de valores, como parte de una estrategia de formaci\u00f3n integral para la ni\u00f1ez y juventud.<\/p>\n\n\n\n<h3 class=\"wp-block-heading\">CONSENSOS Y ACUERDOS<\/h3>\n\n\n\n<p>Estas aprobaciones reflejan el compromiso del CN con una gesti\u00f3n \u00e1gil, responsable e incluyente, enfocada en generar oportunidades, aliviar la carga econ\u00f3mica de las familias y fortalecer los servicios p\u00fablicos esenciales.<\/p>\n\n\n\n<p>Bajo la conducci\u00f3n de Zambrano, el Poder Legislativo ha consolidado en sus primeras siete sesiones una agenda de resultados, demostrando que el di\u00e1logo pol\u00edtico y la voluntad de consenso permiten avanzar en soluciones concretas para el desarrollo y bienestar de Honduras.<\/p>\n","protected":false},"excerpt":{"rendered":"<p>En sus primeras siete sesiones legislativas, el Congreso Nacional (CN) ha aprobado importantes iniciativas orientadas al bienestar social, la reactivaci\u00f3n econ\u00f3mica y el fortalecimiento institucional, reflejando una din\u00e1mica de trabajo basada en el di\u00e1logo y los consensos, bajo el liderazgo de su presidente, Tom\u00e1s Zambrano. Desde el inicio del nuevo per\u00edodo (2026-2030), el Legislativo ha [&hellip;]<\/p>\n","protected":false},"author":2,"featured_media":3984,"comment_status":"closed","ping_status":"open","sticky":false,"template":"","format":"standard","meta":{"_seopress_robots_primary_cat":"","_seopress_titles_title":"","_seopress_titles_desc":"","_seopress_robots_index":"","footnotes":""},"categories":[1],"tags":[],"class_list":["post-3983","post","type-post","status-publish","format-standard","has-post-thumbnail","hentry","category-sin-categoria"],"_links":{"self":[{"href":"https:\/\/girasolmultimedios.com\/portal\/wp-json\/wp\/v2\/posts\/3983","targetHints":{"allow":["GET"]}}],"collection":[{"href":"https:\/\/girasolmultimedios.com\/portal\/wp-json\/wp\/v2\/posts"}],"about":[{"href":"https:\/\/girasolmultimedios.com\/portal\/wp-json\/wp\/v2\/types\/post"}],"author":[{"embeddable":true,"href":"https:\/\/girasolmultimedios.com\/portal\/wp-json\/wp\/v2\/users\/2"}],"replies":[{"embeddable":true,"href":"https:\/\/girasolmultimedios.com\/portal\/wp-json\/wp\/v2\/comments?post=3983"}],"version-history":[{"count":1,"href":"https:\/\/girasolmultimedios.com\/portal\/wp-json\/wp\/v2\/posts\/3983\/revisions"}],"predecessor-version":[{"id":3985,"href":"https:\/\/girasolmultimedios.com\/portal\/wp-json\/wp\/v2\/posts\/3983\/revisions\/3985"}],"wp:featuredmedia":[{"embeddable":true,"href":"https:\/\/girasolmultimedios.com\/portal\/wp-json\/wp\/v2\/media\/3984"}],"wp:attachment":[{"href":"https:\/\/girasolmultimedios.com\/portal\/wp-json\/wp\/v2\/media?parent=3983"}],"wp:term":[{"taxonomy":"category","embeddable":true,"href":"https:\/\/girasolmultimedios.com\/portal\/wp-json\/wp\/v2\/categories?post=3983"},{"taxonomy":"post_tag","embeddable":true,"href":"https:\/\/girasolmultimedios.com\/portal\/wp-json\/wp\/v2\/tags?post=3983"}],"curies":[{"name":"wp","href":"https:\/\/api.w.org\/{rel}","templated":true}]}}