{"id":3986,"date":"2026-02-06T15:38:19","date_gmt":"2026-02-06T21:38:19","guid":{"rendered":"https:\/\/girasolmultimedios.com\/portal\/?p=3986"},"modified":"2026-02-06T15:38:47","modified_gmt":"2026-02-06T21:38:47","slug":"el-alcalde-de-nueva-york-firma-una-orden-para-reforzar-la-proteccion-a-los-inmigrantes","status":"publish","type":"post","link":"https:\/\/girasolmultimedios.com\/portal\/el-alcalde-de-nueva-york-firma-una-orden-para-reforzar-la-proteccion-a-los-inmigrantes\/","title":{"rendered":"El alcalde de Nueva York firma una orden para reforzar la protecci\u00f3n a los inmigrantes"},"content":{"rendered":"\n<p>&nbsp;El alcalde de Nueva York, Zohran Mamdani, firm\u00f3 este viernes una orden ejecutiva para reforzar la protecci\u00f3n a los inmigrantes, que incluye entre otras iniciativas, la mejora de la supervisi\u00f3n del cumplimiento de las pol\u00edticas \u2018santuario\u2019 locales y la creaci\u00f3n de un comit\u00e9 gestor de crisis.<\/p>\n\n\n\n<p>El dem\u00f3crata del ala socialista lo anunci\u00f3 en un evento anual que re\u00fane a l\u00edderes religiosos de diversa fe en la Biblioteca P\u00fablica, tras dar un discurso en el que llam\u00f3 a la unidad y arremeti\u00f3 contra los \u00abataques\u00bb al pr\u00f3jimo del Servicio de Inmigraci\u00f3n y Aduanas (ICE) y sus \u00ababusos de poder\u00bb.<\/p>\n\n\n\n<p>Mamdani mostr\u00f3 un documento y lo firm\u00f3 en el podio, afirmando que se trataba de una orden ejecutiva para \u00abreafirmar\u00bb las protecciones a los inmigrantes, como que ICE y otras agencias federales no puedan acceder a propiedades privadas sin orden judicial, incluyendo garajes, escuelas u hospitales.<\/p>\n\n\n\n<p>Seg\u00fan un comunicado, las principales agencias de la administraci\u00f3n local deben ahora desarrollar e impartir formaciones para todos los empleados sobre c\u00f3mo interactuar con las autoridades federales de inmigraci\u00f3n.<\/p>\n\n\n\n<h2 class=\"wp-block-heading\" id=\"h-auditorias-internas-para-mejorar-los-protocolos-migratorios\">Auditor\u00edas internas para mejorar los protocolos migratorios<\/h2>\n\n\n\n<p>Asimismo, la administraci\u00f3n tiene dos semanas para nombrar a un jefe de privacidad en cada uno de sus departamentos, desarrollar formaciones y certificar que cumple con la protecci\u00f3n a los inmigrantes al limitar los datos que se comparten con las agencias federales, entre ellas\u00a0ICE.<\/p>\n\n\n\n<p>Y enfatiza que todas las agencias, y en particular la Polic\u00eda de Nueva York, el Departamento de Correcciones o el de Servicios Infantiles, deben hacer auditor\u00edas de sus pol\u00edticas internas sobre interacciones con las autoridades federales de inmigraci\u00f3n, actualizar sus protocolos y ser m\u00e1s transparentes.<\/p>\n\n\n\n<p>Otro de los puntos novedosos es que se establece un \u00abcomit\u00e9\u00bb para coordinar la gesti\u00f3n de \u00abcrisis\u00bb en el \u00e1mbito migratorio y garantizar as\u00ed una respuesta que represente a toda la administraci\u00f3n local de manera general, agrega la nota.<\/p>\n\n\n\n<p>En el evento, adem\u00e1s, Mamdani deleg\u00f3 en los l\u00edderes religiosos un esfuerzo de concienciaci\u00f3n en sus congregaciones, con el reparto de 32.000 folletos en diez idiomas para que los feligreses sepan sus derechos al interactuar con agentes federales, como el de un traductor, un abogado o permanecer en silencio.<\/p>\n\n\n\n<p>La iniciativa tuvo una buena acogida entre organizaciones en defensa de los inmigrantes como la Coalici\u00f3n Inmigrante de Nueva York, cuyo director ejecutivo, Murad Awawdeh, dijo en un comunicado que Mamdani \u00abreconoce su responsabilidad\u00bb y la \u00abobligaci\u00f3n moral\u00bb de los residentes para colaborar.<\/p>\n\n\n\n<p>\u00abEl Gobierno federal est\u00e1 librando una campa\u00f1a de terror ilegal y sin rendici\u00f3n de cuentas contra los inmigrantes en todo el pa\u00eds y aqu\u00ed en la ciudad de Nueva York\u00bb, dijo el activista, que record\u00f3 a quienes viven \u00abcon miedo\u00bb, desde las calles hasta los tribunales. EFE<\/p>\n","protected":false},"excerpt":{"rendered":"<p>&nbsp;El alcalde de Nueva York, Zohran Mamdani, firm\u00f3 este viernes una orden ejecutiva para reforzar la protecci\u00f3n a los inmigrantes, que incluye entre otras iniciativas, la mejora de la supervisi\u00f3n del cumplimiento de las pol\u00edticas \u2018santuario\u2019 locales y la creaci\u00f3n de un comit\u00e9 gestor de crisis. El dem\u00f3crata del ala socialista lo anunci\u00f3 en un [&hellip;]<\/p>\n","protected":false},"author":2,"featured_media":3987,"comment_status":"closed","ping_status":"open","sticky":false,"template":"","format":"standard","meta":{"_seopress_robots_primary_cat":"","_seopress_titles_title":"","_seopress_titles_desc":"","_seopress_robots_index":"","footnotes":""},"categories":[1],"tags":[],"class_list":["post-3986","post","type-post","status-publish","format-standard","has-post-thumbnail","hentry","category-sin-categoria"],"_links":{"self":[{"href":"https:\/\/girasolmultimedios.com\/portal\/wp-json\/wp\/v2\/posts\/3986","targetHints":{"allow":["GET"]}}],"collection":[{"href":"https:\/\/girasolmultimedios.com\/portal\/wp-json\/wp\/v2\/posts"}],"about":[{"href":"https:\/\/girasolmultimedios.com\/portal\/wp-json\/wp\/v2\/types\/post"}],"author":[{"embeddable":true,"href":"https:\/\/girasolmultimedios.com\/portal\/wp-json\/wp\/v2\/users\/2"}],"replies":[{"embeddable":true,"href":"https:\/\/girasolmultimedios.com\/portal\/wp-json\/wp\/v2\/comments?post=3986"}],"version-history":[{"count":2,"href":"https:\/\/girasolmultimedios.com\/portal\/wp-json\/wp\/v2\/posts\/3986\/revisions"}],"predecessor-version":[{"id":3989,"href":"https:\/\/girasolmultimedios.com\/portal\/wp-json\/wp\/v2\/posts\/3986\/revisions\/3989"}],"wp:featuredmedia":[{"embeddable":true,"href":"https:\/\/girasolmultimedios.com\/portal\/wp-json\/wp\/v2\/media\/3987"}],"wp:attachment":[{"href":"https:\/\/girasolmultimedios.com\/portal\/wp-json\/wp\/v2\/media?parent=3986"}],"wp:term":[{"taxonomy":"category","embeddable":true,"href":"https:\/\/girasolmultimedios.com\/portal\/wp-json\/wp\/v2\/categories?post=3986"},{"taxonomy":"post_tag","embeddable":true,"href":"https:\/\/girasolmultimedios.com\/portal\/wp-json\/wp\/v2\/tags?post=3986"}],"curies":[{"name":"wp","href":"https:\/\/api.w.org\/{rel}","templated":true}]}}