{"id":3991,"date":"2026-02-09T07:45:30","date_gmt":"2026-02-09T13:45:30","guid":{"rendered":"https:\/\/girasolmultimedios.com\/portal\/?p=3991"},"modified":"2026-02-09T07:47:55","modified_gmt":"2026-02-09T13:47:55","slug":"ministro-velasquez-revela-que-exfuncionarios-tenian-asignados-hasta-50-policias","status":"publish","type":"post","link":"https:\/\/girasolmultimedios.com\/portal\/ministro-velasquez-revela-que-exfuncionarios-tenian-asignados-hasta-50-policias\/","title":{"rendered":"Ministro Vel\u00e1squez revela que exfuncionarios ten\u00edan asignados hasta 50 polic\u00edas"},"content":{"rendered":"\n<h1 class=\"wp-block-heading\"><\/h1>\n\n\n\n<p>El ministro de Seguridad, Gerzon Vel\u00e1squez, inform\u00f3 que exfuncionarios llegaron a tener hasta 50 agentes de la Polic\u00eda Nacional asignados a su seguridad y al menos 120 veh\u00edculos blindados dentro de esos esquemas.<\/p>\n\n\n\n<p>Se\u00f1al\u00f3 que la unidad especializada cuenta con unos 1,500 agentes, la mayor\u00eda dedicados a custodias, pero anunci\u00f3 que el Gobierno trabaja para recuperar al menos el 80 % y reasignarlos a tareas de seguridad ciudadana.<\/p>\n\n\n\n<p>Vel\u00e1squez explic\u00f3 que redefinen los esquemas con base en an\u00e1lisis t\u00e9cnicos de riesgo y no en solicitudes discrecionales.<\/p>\n\n\n\n<p>Afirm\u00f3 que en el pasado algunos funcionarios exig\u00edan 15, 20 o hasta 50 agentes, una pr\u00e1ctica que calific\u00f3 como humillante para la poblaci\u00f3n. Indic\u00f3 que no retirar\u00e1 protecciones sin estudios que confirmen el nivel de riesgo y las medidas autorizadas.<\/p>\n\n\n\n<p>Adem\u00e1s, consider\u00f3 desproporcionada la recompensa de 35 millones de lempiras por el paradero del exjefe de las\u00a0<em><strong>Fuerzas Armadas (FFAA)<\/strong><\/em>, Romeo V\u00e1squez Vel\u00e1squez, y sostuvo que ese recurso debe aplicarse solo como \u00faltimo paso tras agotar las diligencias investigativas.<\/p>\n\n\n\n<p><\/p>\n","protected":false},"excerpt":{"rendered":"<p>El ministro de Seguridad, Gerzon Vel\u00e1squez, inform\u00f3 que exfuncionarios llegaron a tener hasta 50 agentes de la Polic\u00eda Nacional asignados a su seguridad y al menos 120 veh\u00edculos blindados dentro de esos esquemas. Se\u00f1al\u00f3 que la unidad especializada cuenta con unos 1,500 agentes, la mayor\u00eda dedicados a custodias, pero anunci\u00f3 que el Gobierno trabaja para [&hellip;]<\/p>\n","protected":false},"author":2,"featured_media":3995,"comment_status":"closed","ping_status":"open","sticky":false,"template":"","format":"standard","meta":{"_seopress_robots_primary_cat":"","_seopress_titles_title":"","_seopress_titles_desc":"","_seopress_robots_index":"","footnotes":""},"categories":[23],"tags":[],"class_list":["post-3991","post","type-post","status-publish","format-standard","has-post-thumbnail","hentry","category-nacionales"],"_links":{"self":[{"href":"https:\/\/girasolmultimedios.com\/portal\/wp-json\/wp\/v2\/posts\/3991","targetHints":{"allow":["GET"]}}],"collection":[{"href":"https:\/\/girasolmultimedios.com\/portal\/wp-json\/wp\/v2\/posts"}],"about":[{"href":"https:\/\/girasolmultimedios.com\/portal\/wp-json\/wp\/v2\/types\/post"}],"author":[{"embeddable":true,"href":"https:\/\/girasolmultimedios.com\/portal\/wp-json\/wp\/v2\/users\/2"}],"replies":[{"embeddable":true,"href":"https:\/\/girasolmultimedios.com\/portal\/wp-json\/wp\/v2\/comments?post=3991"}],"version-history":[{"count":1,"href":"https:\/\/girasolmultimedios.com\/portal\/wp-json\/wp\/v2\/posts\/3991\/revisions"}],"predecessor-version":[{"id":3993,"href":"https:\/\/girasolmultimedios.com\/portal\/wp-json\/wp\/v2\/posts\/3991\/revisions\/3993"}],"wp:featuredmedia":[{"embeddable":true,"href":"https:\/\/girasolmultimedios.com\/portal\/wp-json\/wp\/v2\/media\/3995"}],"wp:attachment":[{"href":"https:\/\/girasolmultimedios.com\/portal\/wp-json\/wp\/v2\/media?parent=3991"}],"wp:term":[{"taxonomy":"category","embeddable":true,"href":"https:\/\/girasolmultimedios.com\/portal\/wp-json\/wp\/v2\/categories?post=3991"},{"taxonomy":"post_tag","embeddable":true,"href":"https:\/\/girasolmultimedios.com\/portal\/wp-json\/wp\/v2\/tags?post=3991"}],"curies":[{"name":"wp","href":"https:\/\/api.w.org\/{rel}","templated":true}]}}