{"id":4010,"date":"2026-02-09T09:46:05","date_gmt":"2026-02-09T15:46:05","guid":{"rendered":"https:\/\/girasolmultimedios.com\/portal\/?p=4010"},"modified":"2026-02-09T09:46:05","modified_gmt":"2026-02-09T15:46:05","slug":"tomas-zambrano-promete-un-congreso-de-puertas-abiertas","status":"publish","type":"post","link":"https:\/\/girasolmultimedios.com\/portal\/tomas-zambrano-promete-un-congreso-de-puertas-abiertas\/","title":{"rendered":"Tom\u00e1s Zambrano promete un Congreso de puertas abiertas"},"content":{"rendered":"\n<p>El presidente del\u00a0Congreso Nacional, Tom\u00e1s Zambrano, reafirm\u00f3 su compromiso de impulsar un Poder Legislativo abierto al di\u00e1logo, la participaci\u00f3n y la construcci\u00f3n de consensos entre todas las fuerzas pol\u00edticas y los distintos sectores de la sociedad hondure\u00f1a.<\/p>\n\n\n\n<p>Zambrano asegur\u00f3 que el Congreso trabajar\u00e1 con una agenda legislativa construida de manera conjunta entre las bancadas y los sectores sociales, al se\u00f1alar que se trata de un \u201cCongreso de puertas abiertas para que Honduras sea escuchada\u201d. Sostuvo que el respeto a todas las voces ser\u00e1 un eje central de su gesti\u00f3n.<\/p>\n\n\n\n<p>El titular del Legislativo afirm\u00f3 que el Congreso dar\u00e1 espacio a la sociedad civil, los gremios, los obreros, los profesionales y las organizaciones que deseen aportar al pa\u00eds.<\/p>\n\n\n\n<p>\u201cEste Congreso ser\u00e1 un espacio donde todos sean escuchados y tomados en cuenta\u201d, expres\u00f3.<\/p>\n\n\n\n<p>Asimismo, garantiz\u00f3 que las iniciativas orientadas a fortalecer la institucionalidad y promover el desarrollo nacional contar\u00e1n con respaldo y discusi\u00f3n.<\/p>\n\n\n\n<p>\u201cLas propuestas que sumen al pa\u00eds tendr\u00e1n su espacio\u201d, enfatiz\u00f3.<\/p>\n\n\n\n<p>Finalmente, Zambrano reiter\u00f3 su llamado a todos los sectores a participar activamente y asegur\u00f3 que el Congreso no le fallar\u00e1 al pa\u00eds, al afirmar con claridad: \u201cNo le vamos a fallar a Honduras\u201d.<\/p>\n","protected":false},"excerpt":{"rendered":"<p>El presidente del\u00a0Congreso Nacional, Tom\u00e1s Zambrano, reafirm\u00f3 su compromiso de impulsar un Poder Legislativo abierto al di\u00e1logo, la participaci\u00f3n y la construcci\u00f3n de consensos entre todas las fuerzas pol\u00edticas y los distintos sectores de la sociedad hondure\u00f1a. Zambrano asegur\u00f3 que el Congreso trabajar\u00e1 con una agenda legislativa construida de manera conjunta entre las bancadas y [&hellip;]<\/p>\n","protected":false},"author":2,"featured_media":4011,"comment_status":"closed","ping_status":"open","sticky":false,"template":"","format":"standard","meta":{"_seopress_robots_primary_cat":"","_seopress_titles_title":"","_seopress_titles_desc":"","_seopress_robots_index":"","footnotes":""},"categories":[1],"tags":[],"class_list":["post-4010","post","type-post","status-publish","format-standard","has-post-thumbnail","hentry","category-sin-categoria"],"_links":{"self":[{"href":"https:\/\/girasolmultimedios.com\/portal\/wp-json\/wp\/v2\/posts\/4010","targetHints":{"allow":["GET"]}}],"collection":[{"href":"https:\/\/girasolmultimedios.com\/portal\/wp-json\/wp\/v2\/posts"}],"about":[{"href":"https:\/\/girasolmultimedios.com\/portal\/wp-json\/wp\/v2\/types\/post"}],"author":[{"embeddable":true,"href":"https:\/\/girasolmultimedios.com\/portal\/wp-json\/wp\/v2\/users\/2"}],"replies":[{"embeddable":true,"href":"https:\/\/girasolmultimedios.com\/portal\/wp-json\/wp\/v2\/comments?post=4010"}],"version-history":[{"count":1,"href":"https:\/\/girasolmultimedios.com\/portal\/wp-json\/wp\/v2\/posts\/4010\/revisions"}],"predecessor-version":[{"id":4012,"href":"https:\/\/girasolmultimedios.com\/portal\/wp-json\/wp\/v2\/posts\/4010\/revisions\/4012"}],"wp:featuredmedia":[{"embeddable":true,"href":"https:\/\/girasolmultimedios.com\/portal\/wp-json\/wp\/v2\/media\/4011"}],"wp:attachment":[{"href":"https:\/\/girasolmultimedios.com\/portal\/wp-json\/wp\/v2\/media?parent=4010"}],"wp:term":[{"taxonomy":"category","embeddable":true,"href":"https:\/\/girasolmultimedios.com\/portal\/wp-json\/wp\/v2\/categories?post=4010"},{"taxonomy":"post_tag","embeddable":true,"href":"https:\/\/girasolmultimedios.com\/portal\/wp-json\/wp\/v2\/tags?post=4010"}],"curies":[{"name":"wp","href":"https:\/\/api.w.org\/{rel}","templated":true}]}}