{"id":4019,"date":"2026-02-09T09:54:34","date_gmt":"2026-02-09T15:54:34","guid":{"rendered":"https:\/\/girasolmultimedios.com\/portal\/?p=4019"},"modified":"2026-02-09T09:54:35","modified_gmt":"2026-02-09T15:54:35","slug":"cardenal-rodriguez-pide-a-asfura-priorizar-a-migrantes-en-eeuu-y-combatir-la-corrupcion","status":"publish","type":"post","link":"https:\/\/girasolmultimedios.com\/portal\/cardenal-rodriguez-pide-a-asfura-priorizar-a-migrantes-en-eeuu-y-combatir-la-corrupcion\/","title":{"rendered":"Cardenal Rodr\u00edguez pide a Asfura priorizar a migrantes en EEUU y combatir la corrupci\u00f3n"},"content":{"rendered":"\n<p>El cardenal de Honduras, \u00d3scar Andr\u00e9s Rodr\u00edguez, pidi\u00f3 este domingo al presidente del pa\u00eds, Nasry \u2018Tito\u2019 Asfura, priorizar la situaci\u00f3n de miles de migrantes en Estados Unidos, alertando que las deportaciones aumentan la pobreza, y combatir la corrupci\u00f3n, a la que calific\u00f3 como un \u00abmal end\u00e9mico\u00bb.<\/p>\n\n\n\n<p>\u00abA mi juicio es muy importante que se tengan en cuenta los hondure\u00f1os que viven all\u00e1 (en EE.UU.) y esas deportaciones, qu\u00e9 es lo que hacen, simplemente m\u00e1s pobreza\u00bb, subray\u00f3 Rodr\u00edguez.<\/p>\n\n\n\n<p>Adem\u00e1s, inst\u00f3 al Gobierno de Asfura a buscar una soluci\u00f3n para este sector de la poblaci\u00f3n que sostiene, en gran medida, la econom\u00eda nacional mediante las remesas.<\/p>\n\n\n\n<p>La declaraci\u00f3n de Rodr\u00edguez se produce despu\u00e9s del encuentro que sostuvieron este s\u00e1bado Asfura y el mandatario estadounidense, Donald Trump, en el que abordaron temas de inversi\u00f3n, pol\u00edtica arancelaria y la vigencia del\u00a0Estatus de Protecci\u00f3n Temporal\u00a0(TPS, por sus siglas en ingl\u00e9s).<\/p>\n\n\n\n<p><br>\u00abEstuvimos hablando del TPS; ustedes saben que todav\u00eda est\u00e1 pendiente (\u2026) quedamos de hacer una revisi\u00f3n de todas las leyes y del trabajo que debemos hacer para Honduras\u201d, dijo este domingo Asfura a periodistas en Miami.<\/p>\n\n\n\n<p>Seg\u00fan las autoridades de Tegucigalpa, en Estados Unidos viven alrededor de 1,8 millones de hondure\u00f1os, entre residentes legales e indocumentados, que han escapado por la violencia, la falta de oportunidades laborales, los bajos salarios y la pobreza que afectan a su pa\u00eds.<\/p>\n\n\n\n<p>El cardenal afirm\u00f3 que, si el Gobierno desea atraer inversi\u00f3n extranjera a Honduras, primero debe garantizar \u00abun sistema de justicia confiable y que la justicia se aplique\u00bb.<\/p>\n\n\n\n<h4 class=\"wp-block-heading\"><em><strong>Combatir corrupci\u00f3n, un \u00abmal end\u00e9mico\u00bb<\/strong><\/em><\/h4>\n\n\n\n<p>El l\u00edder cat\u00f3lico aprovech\u00f3 el inicio de una \u00abnueva etapa en la historia de Honduras\u00bb, marcada por la toma de posesi\u00f3n de Asfura el pasado 27 de enero, para instar a las autoridades a implementar un cambio de estrategia.<\/p>\n\n\n\n<p>\u00abHago ese llamado respetuoso a todas las nuevas autoridades que tengan presente el Evangelio de Jes\u00fas, es muy importante no guiarse simplemente por criterios humanos, los criterios del Evangelio nos ense\u00f1an y nos ayudan a mirar hacia el futuro\u00bb, enfatiz\u00f3 Rodr\u00edguez en declaraciones al canal de televisi\u00f3n Hable Como Habla (HCH) en Tegucigalpa<\/p>\n\n\n\n<p>Seg\u00fan el cardenal hondure\u00f1o, el pa\u00eds centroamericano no puede transformarse bajo una visi\u00f3n de corto plazo limitada a los periodos gubernamentales de cuatro a\u00f1os.<\/p>\n\n\n\n<p>\u00abNo podemos pensar que Honduras se va a transformar en cuatro a\u00f1os, hay que tener una visi\u00f3n de pa\u00eds y una visi\u00f3n a largo plazo para que las nuevas generaciones tambi\u00e9n puedan tener esperanza y no vivir simplemente con angustias y con peque\u00f1os plazos que no hacen nada de bien\u00bb, afirm\u00f3.<\/p>\n","protected":false},"excerpt":{"rendered":"<p>El cardenal de Honduras, \u00d3scar Andr\u00e9s Rodr\u00edguez, pidi\u00f3 este domingo al presidente del pa\u00eds, Nasry \u2018Tito\u2019 Asfura, priorizar la situaci\u00f3n de miles de migrantes en Estados Unidos, alertando que las deportaciones aumentan la pobreza, y combatir la corrupci\u00f3n, a la que calific\u00f3 como un \u00abmal end\u00e9mico\u00bb. \u00abA mi juicio es muy importante que se tengan [&hellip;]<\/p>\n","protected":false},"author":2,"featured_media":4020,"comment_status":"closed","ping_status":"open","sticky":false,"template":"","format":"standard","meta":{"_seopress_robots_primary_cat":"","_seopress_titles_title":"","_seopress_titles_desc":"","_seopress_robots_index":"","footnotes":""},"categories":[1],"tags":[],"class_list":["post-4019","post","type-post","status-publish","format-standard","has-post-thumbnail","hentry","category-sin-categoria"],"_links":{"self":[{"href":"https:\/\/girasolmultimedios.com\/portal\/wp-json\/wp\/v2\/posts\/4019","targetHints":{"allow":["GET"]}}],"collection":[{"href":"https:\/\/girasolmultimedios.com\/portal\/wp-json\/wp\/v2\/posts"}],"about":[{"href":"https:\/\/girasolmultimedios.com\/portal\/wp-json\/wp\/v2\/types\/post"}],"author":[{"embeddable":true,"href":"https:\/\/girasolmultimedios.com\/portal\/wp-json\/wp\/v2\/users\/2"}],"replies":[{"embeddable":true,"href":"https:\/\/girasolmultimedios.com\/portal\/wp-json\/wp\/v2\/comments?post=4019"}],"version-history":[{"count":1,"href":"https:\/\/girasolmultimedios.com\/portal\/wp-json\/wp\/v2\/posts\/4019\/revisions"}],"predecessor-version":[{"id":4021,"href":"https:\/\/girasolmultimedios.com\/portal\/wp-json\/wp\/v2\/posts\/4019\/revisions\/4021"}],"wp:featuredmedia":[{"embeddable":true,"href":"https:\/\/girasolmultimedios.com\/portal\/wp-json\/wp\/v2\/media\/4020"}],"wp:attachment":[{"href":"https:\/\/girasolmultimedios.com\/portal\/wp-json\/wp\/v2\/media?parent=4019"}],"wp:term":[{"taxonomy":"category","embeddable":true,"href":"https:\/\/girasolmultimedios.com\/portal\/wp-json\/wp\/v2\/categories?post=4019"},{"taxonomy":"post_tag","embeddable":true,"href":"https:\/\/girasolmultimedios.com\/portal\/wp-json\/wp\/v2\/tags?post=4019"}],"curies":[{"name":"wp","href":"https:\/\/api.w.org\/{rel}","templated":true}]}}