{"id":4024,"date":"2026-02-09T10:01:06","date_gmt":"2026-02-09T16:01:06","guid":{"rendered":"https:\/\/girasolmultimedios.com\/portal\/?p=4024"},"modified":"2026-02-09T10:01:06","modified_gmt":"2026-02-09T16:01:06","slug":"honduras-fortalece-su-principal-alianza-comercial-en-ee-uu","status":"publish","type":"post","link":"https:\/\/girasolmultimedios.com\/portal\/honduras-fortalece-su-principal-alianza-comercial-en-ee-uu\/","title":{"rendered":"Honduras fortalece su principal alianza comercial en EE. UU."},"content":{"rendered":"\n<p><em><strong>MAR-A-LAGO, Florida.<\/strong><\/em>&nbsp;Las relaciones bilaterales entre Honduras y Estados Unidos son hoy m\u00e1s fuertes que nunca, y eso qued\u00f3 evidenciado en Florida, cuando el Presidente hondure\u00f1o, Nasry Asfura, fue recibido por su hom\u00f3logo Donald Trump en su residencia en Mar-a-Lago, donde ambos mandatarios sostuvieron un encuentro \u201cuno a uno\u201d.<\/p>\n\n\n\n<p>La agenda contempl\u00f3 temas como comercio, aranceles, atracci\u00f3n de inversi\u00f3n extranjera, seguridad, salud y migraci\u00f3n.<\/p>\n\n\n\n<p>En su primer viaje como Presidente de Honduras, Nasry Asfura destac\u00f3: \u201cMe siento muy satisfecho de que se ha podido, en muy poco tiempo, estrechar las relaciones con los Estados Unidos\u201d.<\/p>\n\n\n\n<p>\u00abEstoy muy agradecido con el presidente Donald Trump por la forma como nos atendi\u00f3. Quiero decirles que no esperaba que nos dedicara tanto tiempo; estuvimos no menor de 45 minutos. Fue una pl\u00e1tica bien amena, y me siento muy satisfecho de c\u00f3mo hoy en Estados Unidos, y especialmente el presidente Trump, est\u00e1 viendo a Honduras\u00bb, destac\u00f3 el titular del Ejecutivo.<\/p>\n","protected":false},"excerpt":{"rendered":"<p>MAR-A-LAGO, Florida.&nbsp;Las relaciones bilaterales entre Honduras y Estados Unidos son hoy m\u00e1s fuertes que nunca, y eso qued\u00f3 evidenciado en Florida, cuando el Presidente hondure\u00f1o, Nasry Asfura, fue recibido por su hom\u00f3logo Donald Trump en su residencia en Mar-a-Lago, donde ambos mandatarios sostuvieron un encuentro \u201cuno a uno\u201d. La agenda contempl\u00f3 temas como comercio, aranceles, [&hellip;]<\/p>\n","protected":false},"author":2,"featured_media":4025,"comment_status":"closed","ping_status":"open","sticky":false,"template":"","format":"standard","meta":{"_seopress_robots_primary_cat":"","_seopress_titles_title":"","_seopress_titles_desc":"","_seopress_robots_index":"","footnotes":""},"categories":[1],"tags":[],"class_list":["post-4024","post","type-post","status-publish","format-standard","has-post-thumbnail","hentry","category-sin-categoria"],"_links":{"self":[{"href":"https:\/\/girasolmultimedios.com\/portal\/wp-json\/wp\/v2\/posts\/4024","targetHints":{"allow":["GET"]}}],"collection":[{"href":"https:\/\/girasolmultimedios.com\/portal\/wp-json\/wp\/v2\/posts"}],"about":[{"href":"https:\/\/girasolmultimedios.com\/portal\/wp-json\/wp\/v2\/types\/post"}],"author":[{"embeddable":true,"href":"https:\/\/girasolmultimedios.com\/portal\/wp-json\/wp\/v2\/users\/2"}],"replies":[{"embeddable":true,"href":"https:\/\/girasolmultimedios.com\/portal\/wp-json\/wp\/v2\/comments?post=4024"}],"version-history":[{"count":1,"href":"https:\/\/girasolmultimedios.com\/portal\/wp-json\/wp\/v2\/posts\/4024\/revisions"}],"predecessor-version":[{"id":4026,"href":"https:\/\/girasolmultimedios.com\/portal\/wp-json\/wp\/v2\/posts\/4024\/revisions\/4026"}],"wp:featuredmedia":[{"embeddable":true,"href":"https:\/\/girasolmultimedios.com\/portal\/wp-json\/wp\/v2\/media\/4025"}],"wp:attachment":[{"href":"https:\/\/girasolmultimedios.com\/portal\/wp-json\/wp\/v2\/media?parent=4024"}],"wp:term":[{"taxonomy":"category","embeddable":true,"href":"https:\/\/girasolmultimedios.com\/portal\/wp-json\/wp\/v2\/categories?post=4024"},{"taxonomy":"post_tag","embeddable":true,"href":"https:\/\/girasolmultimedios.com\/portal\/wp-json\/wp\/v2\/tags?post=4024"}],"curies":[{"name":"wp","href":"https:\/\/api.w.org\/{rel}","templated":true}]}}