{"id":4039,"date":"2026-02-10T11:01:44","date_gmt":"2026-02-10T17:01:44","guid":{"rendered":"https:\/\/girasolmultimedios.com\/portal\/?p=4039"},"modified":"2026-02-10T11:01:44","modified_gmt":"2026-02-10T17:01:44","slug":"salud-dejara-de-ser-una-crisis-recurrente-anuncia-designada-presidencial","status":"publish","type":"post","link":"https:\/\/girasolmultimedios.com\/portal\/salud-dejara-de-ser-una-crisis-recurrente-anuncia-designada-presidencial\/","title":{"rendered":"Salud dejar\u00e1 de ser una crisis recurrente, anuncia designada presidencial"},"content":{"rendered":"\n<p>La designada presidencial, Mar\u00eda Antonieta Mej\u00eda, anunci\u00f3 avances estrat\u00e9gicos para transformar el sistema sanitario nacional durante una conferencia de prensa en la que destac\u00f3 el inicio de un proceso t\u00e9cnico participativo orientado a fortalecer la gobernanza y establecer un marco normativo claro para la salud p\u00fablica.<\/p>\n\n\n\n<p>El encuentro reuni\u00f3 a representantes del gremio m\u00e9dico, subsecretarios de Estado y actores institucionales, con el objetivo de construir consensos para la reglamentaci\u00f3n de la Ley de Medidas Excepcionales en Salud.<\/p>\n\n\n\n<p>Seg\u00fan Mej\u00eda, este di\u00e1logo abierto busca garantizar que cada acci\u00f3n extraordinaria cuente con mecanismos evaluables y sostenibles, bajo el liderazgo de la autoridad sanitaria.<\/p>\n\n\n\n<p>\u201cLa salud dejar\u00e1 de ser una crisis recurrente y se consolidar\u00e1, con la cohesi\u00f3n de todos, como una verdadera pol\u00edtica de Estado\u201d, afirm\u00f3 la funcionaria, al subrayar que el compromiso gubernamental apunta a fortalecer el sistema con integridad, \u00e9tica y continuidad m\u00e1s all\u00e1 de soluciones temporales.<\/p>\n\n\n\n<p>La designada presidencial calific\u00f3 el proceso como un hito hist\u00f3rico que prioriza la protecci\u00f3n del derecho a la salud y promueve acuerdos colectivos para asegurar bases s\u00f3lidas durante los pr\u00f3ximos a\u00f1os de gesti\u00f3n.<\/p>\n\n\n\n<h4 class=\"wp-block-heading\"><strong><em>Claves de la conferencia<\/em><\/strong><\/h4>\n\n\n\n<p>\u2022 El Gobierno impulsa la reglamentaci\u00f3n sanitaria para garantizar un sistema m\u00e1s estable, evaluable y sostenible.<\/p>\n\n\n\n<p>\u2022 Autoridades y sector m\u00e9dico avanzan en consensos para consolidar la salud como pol\u00edtica p\u00fablica de largo plazo.<\/p>\n","protected":false},"excerpt":{"rendered":"<p>La designada presidencial, Mar\u00eda Antonieta Mej\u00eda, anunci\u00f3 avances estrat\u00e9gicos para transformar el sistema sanitario nacional durante una conferencia de prensa en la que destac\u00f3 el inicio de un proceso t\u00e9cnico participativo orientado a fortalecer la gobernanza y establecer un marco normativo claro para la salud p\u00fablica. El encuentro reuni\u00f3 a representantes del gremio m\u00e9dico, subsecretarios [&hellip;]<\/p>\n","protected":false},"author":2,"featured_media":4040,"comment_status":"closed","ping_status":"open","sticky":false,"template":"","format":"standard","meta":{"_seopress_robots_primary_cat":"","_seopress_titles_title":"","_seopress_titles_desc":"","_seopress_robots_index":"","footnotes":""},"categories":[1],"tags":[],"class_list":["post-4039","post","type-post","status-publish","format-standard","has-post-thumbnail","hentry","category-sin-categoria"],"_links":{"self":[{"href":"https:\/\/girasolmultimedios.com\/portal\/wp-json\/wp\/v2\/posts\/4039","targetHints":{"allow":["GET"]}}],"collection":[{"href":"https:\/\/girasolmultimedios.com\/portal\/wp-json\/wp\/v2\/posts"}],"about":[{"href":"https:\/\/girasolmultimedios.com\/portal\/wp-json\/wp\/v2\/types\/post"}],"author":[{"embeddable":true,"href":"https:\/\/girasolmultimedios.com\/portal\/wp-json\/wp\/v2\/users\/2"}],"replies":[{"embeddable":true,"href":"https:\/\/girasolmultimedios.com\/portal\/wp-json\/wp\/v2\/comments?post=4039"}],"version-history":[{"count":1,"href":"https:\/\/girasolmultimedios.com\/portal\/wp-json\/wp\/v2\/posts\/4039\/revisions"}],"predecessor-version":[{"id":4041,"href":"https:\/\/girasolmultimedios.com\/portal\/wp-json\/wp\/v2\/posts\/4039\/revisions\/4041"}],"wp:featuredmedia":[{"embeddable":true,"href":"https:\/\/girasolmultimedios.com\/portal\/wp-json\/wp\/v2\/media\/4040"}],"wp:attachment":[{"href":"https:\/\/girasolmultimedios.com\/portal\/wp-json\/wp\/v2\/media?parent=4039"}],"wp:term":[{"taxonomy":"category","embeddable":true,"href":"https:\/\/girasolmultimedios.com\/portal\/wp-json\/wp\/v2\/categories?post=4039"},{"taxonomy":"post_tag","embeddable":true,"href":"https:\/\/girasolmultimedios.com\/portal\/wp-json\/wp\/v2\/tags?post=4039"}],"curies":[{"name":"wp","href":"https:\/\/api.w.org\/{rel}","templated":true}]}}