{"id":4069,"date":"2026-02-11T10:00:13","date_gmt":"2026-02-11T16:00:13","guid":{"rendered":"https:\/\/girasolmultimedios.com\/portal\/?p=4069"},"modified":"2026-02-11T10:00:13","modified_gmt":"2026-02-11T16:00:13","slug":"estas-son-las-sanciones-por-no-usar-chaleco-reflectivo-en-motocicleta","status":"publish","type":"post","link":"https:\/\/girasolmultimedios.com\/portal\/estas-son-las-sanciones-por-no-usar-chaleco-reflectivo-en-motocicleta\/","title":{"rendered":"Estas son las sanciones por no usar chaleco reflectivo en motocicleta"},"content":{"rendered":"\n<p>La Direcci\u00f3n Nacional de Vialidad y Transporte (DNVT) anunci\u00f3 que sancionar\u00e1 a los motociclistas que circulen sin chaleco reflectivo durante los operativos de control vial. La medida se basa en una reforma a la Ley de Tr\u00e1nsito que obliga a conductores y pasajeros de motocicletas y veh\u00edculos similares a portar bandas reflectoras visibles en colores anaranjado, rojo o blanco, adheridas a un chaleco o arn\u00e9s.<\/p>\n\n\n\n<p>El uso ser\u00e1 obligatorio de 6:00 de la tarde a 6:00 de la ma\u00f1ana para mejorar la visibilidad y reducir accidentes. El incumplimiento se considera falta menos grave y ser\u00e1 sancionado con una multa de 400 lempiras. Las autoridades informaron que los controles ser\u00e1n permanentes y exhortaron a cumplir la norma para evitar sanciones y proteger la vida.<\/p>\n\n\n\n<p><\/p>\n","protected":false},"excerpt":{"rendered":"<p>La Direcci\u00f3n Nacional de Vialidad y Transporte (DNVT) anunci\u00f3 que sancionar\u00e1 a los motociclistas que circulen sin chaleco reflectivo durante los operativos de control vial. La medida se basa en una reforma a la Ley de Tr\u00e1nsito que obliga a conductores y pasajeros de motocicletas y veh\u00edculos similares a portar bandas reflectoras visibles en colores [&hellip;]<\/p>\n","protected":false},"author":2,"featured_media":4070,"comment_status":"closed","ping_status":"open","sticky":false,"template":"","format":"standard","meta":{"_seopress_robots_primary_cat":"","_seopress_titles_title":"","_seopress_titles_desc":"","_seopress_robots_index":"","footnotes":""},"categories":[1],"tags":[],"class_list":["post-4069","post","type-post","status-publish","format-standard","has-post-thumbnail","hentry","category-sin-categoria"],"_links":{"self":[{"href":"https:\/\/girasolmultimedios.com\/portal\/wp-json\/wp\/v2\/posts\/4069","targetHints":{"allow":["GET"]}}],"collection":[{"href":"https:\/\/girasolmultimedios.com\/portal\/wp-json\/wp\/v2\/posts"}],"about":[{"href":"https:\/\/girasolmultimedios.com\/portal\/wp-json\/wp\/v2\/types\/post"}],"author":[{"embeddable":true,"href":"https:\/\/girasolmultimedios.com\/portal\/wp-json\/wp\/v2\/users\/2"}],"replies":[{"embeddable":true,"href":"https:\/\/girasolmultimedios.com\/portal\/wp-json\/wp\/v2\/comments?post=4069"}],"version-history":[{"count":1,"href":"https:\/\/girasolmultimedios.com\/portal\/wp-json\/wp\/v2\/posts\/4069\/revisions"}],"predecessor-version":[{"id":4071,"href":"https:\/\/girasolmultimedios.com\/portal\/wp-json\/wp\/v2\/posts\/4069\/revisions\/4071"}],"wp:featuredmedia":[{"embeddable":true,"href":"https:\/\/girasolmultimedios.com\/portal\/wp-json\/wp\/v2\/media\/4070"}],"wp:attachment":[{"href":"https:\/\/girasolmultimedios.com\/portal\/wp-json\/wp\/v2\/media?parent=4069"}],"wp:term":[{"taxonomy":"category","embeddable":true,"href":"https:\/\/girasolmultimedios.com\/portal\/wp-json\/wp\/v2\/categories?post=4069"},{"taxonomy":"post_tag","embeddable":true,"href":"https:\/\/girasolmultimedios.com\/portal\/wp-json\/wp\/v2\/tags?post=4069"}],"curies":[{"name":"wp","href":"https:\/\/api.w.org\/{rel}","templated":true}]}}