{"id":4072,"date":"2026-02-11T10:01:25","date_gmt":"2026-02-11T16:01:25","guid":{"rendered":"https:\/\/girasolmultimedios.com\/portal\/?p=4072"},"modified":"2026-02-11T10:01:26","modified_gmt":"2026-02-11T16:01:26","slug":"taiwan-se-abre-a-retomar-relaciones-con-honduras-sin-condiciones","status":"publish","type":"post","link":"https:\/\/girasolmultimedios.com\/portal\/taiwan-se-abre-a-retomar-relaciones-con-honduras-sin-condiciones\/","title":{"rendered":"Taiw\u00e1n se abre a retomar relaciones con Honduras sin condiciones"},"content":{"rendered":"\n<p>El gobierno de Taiw\u00e1n asegur\u00f3 este mi\u00e9rcoles que mantendr\u00e1 un enfoque pragm\u00e1tico para fortalecer sus relaciones bilaterales con Honduras, sin imponer condiciones previas, en respuesta a recientes declaraciones de autoridades del pa\u00eds centroamericano.<\/p>\n\n\n\n<p>La canciller\u00eda taiwanesa, a trav\u00e9s de su portavoz Hsiao Kuang-wei, afirm\u00f3 que ha tomado nota de las declaraciones de la funcionaria hondure\u00f1a. \u201cEl Ministerio de Relaciones Exteriores mantendr\u00e1 una actitud abierta, pragm\u00e1tica y sin pretensiones, guiado por el proyecto Prosperidad de Aliados Diplom\u00e1ticos y el principio de beneficios mutuos e igualdad para fortalecer nuestras relaciones\u201d, declar\u00f3 el funcionario.<\/p>\n\n\n\n<p>La vicepresidenta afirm\u00f3 que todo lo relacionado con China se analiza \u201ccon lupa\u201d y bajo un enfoque t\u00e9cnico, sin sesgos ideol\u00f3gicos. A\u00f1adi\u00f3 que un equipo especializado asesora al presidente antes de cualquier definici\u00f3n en pol\u00edtica exterior.<\/p>\n\n\n\n<p>Mej\u00eda record\u00f3 que el restablecimiento de relaciones con Taiw\u00e1n form\u00f3 parte de las promesas de campa\u00f1a de\u00a0<em><strong>Nasry Asfura. <\/strong><\/em>Sin embargo, subray\u00f3 que el proceso ser\u00e1 paulatino y no inmediato.<\/p>\n\n\n\n<p><\/p>\n","protected":false},"excerpt":{"rendered":"<p>El gobierno de Taiw\u00e1n asegur\u00f3 este mi\u00e9rcoles que mantendr\u00e1 un enfoque pragm\u00e1tico para fortalecer sus relaciones bilaterales con Honduras, sin imponer condiciones previas, en respuesta a recientes declaraciones de autoridades del pa\u00eds centroamericano. La canciller\u00eda taiwanesa, a trav\u00e9s de su portavoz Hsiao Kuang-wei, afirm\u00f3 que ha tomado nota de las declaraciones de la funcionaria hondure\u00f1a. [&hellip;]<\/p>\n","protected":false},"author":2,"featured_media":4073,"comment_status":"closed","ping_status":"open","sticky":false,"template":"","format":"standard","meta":{"_seopress_robots_primary_cat":"","_seopress_titles_title":"","_seopress_titles_desc":"","_seopress_robots_index":"","footnotes":""},"categories":[1],"tags":[],"class_list":["post-4072","post","type-post","status-publish","format-standard","has-post-thumbnail","hentry","category-sin-categoria"],"_links":{"self":[{"href":"https:\/\/girasolmultimedios.com\/portal\/wp-json\/wp\/v2\/posts\/4072","targetHints":{"allow":["GET"]}}],"collection":[{"href":"https:\/\/girasolmultimedios.com\/portal\/wp-json\/wp\/v2\/posts"}],"about":[{"href":"https:\/\/girasolmultimedios.com\/portal\/wp-json\/wp\/v2\/types\/post"}],"author":[{"embeddable":true,"href":"https:\/\/girasolmultimedios.com\/portal\/wp-json\/wp\/v2\/users\/2"}],"replies":[{"embeddable":true,"href":"https:\/\/girasolmultimedios.com\/portal\/wp-json\/wp\/v2\/comments?post=4072"}],"version-history":[{"count":1,"href":"https:\/\/girasolmultimedios.com\/portal\/wp-json\/wp\/v2\/posts\/4072\/revisions"}],"predecessor-version":[{"id":4074,"href":"https:\/\/girasolmultimedios.com\/portal\/wp-json\/wp\/v2\/posts\/4072\/revisions\/4074"}],"wp:featuredmedia":[{"embeddable":true,"href":"https:\/\/girasolmultimedios.com\/portal\/wp-json\/wp\/v2\/media\/4073"}],"wp:attachment":[{"href":"https:\/\/girasolmultimedios.com\/portal\/wp-json\/wp\/v2\/media?parent=4072"}],"wp:term":[{"taxonomy":"category","embeddable":true,"href":"https:\/\/girasolmultimedios.com\/portal\/wp-json\/wp\/v2\/categories?post=4072"},{"taxonomy":"post_tag","embeddable":true,"href":"https:\/\/girasolmultimedios.com\/portal\/wp-json\/wp\/v2\/tags?post=4072"}],"curies":[{"name":"wp","href":"https:\/\/api.w.org\/{rel}","templated":true}]}}