{"id":4075,"date":"2026-02-11T10:06:47","date_gmt":"2026-02-11T16:06:47","guid":{"rendered":"https:\/\/girasolmultimedios.com\/portal\/?p=4075"},"modified":"2026-02-11T10:06:47","modified_gmt":"2026-02-11T16:06:47","slug":"copeco-alerta-sobre-posible-llegada-de-el-nino-en-junio","status":"publish","type":"post","link":"https:\/\/girasolmultimedios.com\/portal\/copeco-alerta-sobre-posible-llegada-de-el-nino-en-junio\/","title":{"rendered":"Copeco alerta sobre posible llegada de El Ni\u00f1o en junio"},"content":{"rendered":"\n<p>La\u00a0Secretar\u00eda de Gesti\u00f3n de Riesgos y Contingencias Nacionales (Copeco)\u00a0alert\u00f3 a los productores del pa\u00eds sobre la posible llegada del fen\u00f3meno clim\u00e1tico El Ni\u00f1o a partir de junio, lo que podr\u00eda provocar escasez de lluvias y afectar el sector agr\u00edcola.<\/p>\n\n\n\n<p>Juan Jos\u00e9 Reyes, representante de Copeco, inform\u00f3 que Honduras atraviesa actualmente una transici\u00f3n del fen\u00f3meno de La Ni\u00f1a hacia una fase neutra, por lo que el pa\u00eds a\u00fan se mantiene en temporada seca.<\/p>\n\n\n\n<p>Reyes explic\u00f3 que Copeco analiza informes de agencias internacionales que confirman esta transici\u00f3n y se\u00f1al\u00f3 que mayo y junio ser\u00e1n meses clave para definir la condici\u00f3n clim\u00e1tica que prevalecer\u00e1 en el territorio nacional.<\/p>\n\n\n\n<p>El funcionario asegur\u00f3 que los an\u00e1lisis apuntan a la llegada de El Ni\u00f1o y que la instituci\u00f3n ya traslad\u00f3 esta informaci\u00f3n al Comit\u00e9 Interinstitucional contra la Sequ\u00eda para que adopte medidas t\u00e9cnicas preventivas.<\/p>\n","protected":false},"excerpt":{"rendered":"<p>La\u00a0Secretar\u00eda de Gesti\u00f3n de Riesgos y Contingencias Nacionales (Copeco)\u00a0alert\u00f3 a los productores del pa\u00eds sobre la posible llegada del fen\u00f3meno clim\u00e1tico El Ni\u00f1o a partir de junio, lo que podr\u00eda provocar escasez de lluvias y afectar el sector agr\u00edcola. Juan Jos\u00e9 Reyes, representante de Copeco, inform\u00f3 que Honduras atraviesa actualmente una transici\u00f3n del fen\u00f3meno de [&hellip;]<\/p>\n","protected":false},"author":2,"featured_media":4076,"comment_status":"closed","ping_status":"open","sticky":false,"template":"","format":"standard","meta":{"_seopress_robots_primary_cat":"","_seopress_titles_title":"","_seopress_titles_desc":"","_seopress_robots_index":"","footnotes":""},"categories":[1],"tags":[],"class_list":["post-4075","post","type-post","status-publish","format-standard","has-post-thumbnail","hentry","category-sin-categoria"],"_links":{"self":[{"href":"https:\/\/girasolmultimedios.com\/portal\/wp-json\/wp\/v2\/posts\/4075","targetHints":{"allow":["GET"]}}],"collection":[{"href":"https:\/\/girasolmultimedios.com\/portal\/wp-json\/wp\/v2\/posts"}],"about":[{"href":"https:\/\/girasolmultimedios.com\/portal\/wp-json\/wp\/v2\/types\/post"}],"author":[{"embeddable":true,"href":"https:\/\/girasolmultimedios.com\/portal\/wp-json\/wp\/v2\/users\/2"}],"replies":[{"embeddable":true,"href":"https:\/\/girasolmultimedios.com\/portal\/wp-json\/wp\/v2\/comments?post=4075"}],"version-history":[{"count":1,"href":"https:\/\/girasolmultimedios.com\/portal\/wp-json\/wp\/v2\/posts\/4075\/revisions"}],"predecessor-version":[{"id":4077,"href":"https:\/\/girasolmultimedios.com\/portal\/wp-json\/wp\/v2\/posts\/4075\/revisions\/4077"}],"wp:featuredmedia":[{"embeddable":true,"href":"https:\/\/girasolmultimedios.com\/portal\/wp-json\/wp\/v2\/media\/4076"}],"wp:attachment":[{"href":"https:\/\/girasolmultimedios.com\/portal\/wp-json\/wp\/v2\/media?parent=4075"}],"wp:term":[{"taxonomy":"category","embeddable":true,"href":"https:\/\/girasolmultimedios.com\/portal\/wp-json\/wp\/v2\/categories?post=4075"},{"taxonomy":"post_tag","embeddable":true,"href":"https:\/\/girasolmultimedios.com\/portal\/wp-json\/wp\/v2\/tags?post=4075"}],"curies":[{"name":"wp","href":"https:\/\/api.w.org\/{rel}","templated":true}]}}