{"id":4087,"date":"2026-02-11T10:17:34","date_gmt":"2026-02-11T16:17:34","guid":{"rendered":"https:\/\/girasolmultimedios.com\/portal\/?p=4087"},"modified":"2026-02-11T10:17:34","modified_gmt":"2026-02-11T16:17:34","slug":"se-hara-bacheo-nacional-en-2700-kilometros-de-carretera-a-un-costo-de-800-millones-de-lempiras","status":"publish","type":"post","link":"https:\/\/girasolmultimedios.com\/portal\/se-hara-bacheo-nacional-en-2700-kilometros-de-carretera-a-un-costo-de-800-millones-de-lempiras\/","title":{"rendered":"Se har\u00e1 bacheo nacional en 2,700 kil\u00f3metros de carretera a un costo de 800 millones de lempiras"},"content":{"rendered":"\n<p>La comisi\u00f3n de dictamen del Congreso Nacional, presidida por el diputado Mario P\u00e9rez, sostuvo este martes una jornada de trabajo para analizar el decreto de emergencia vial, iniciativa que se perfila como uno de los principales temas de la agenda legislativa por su impacto directo en la seguridad, la movilidad y el desarrollo econ\u00f3mico del pa\u00eds.<\/p>\n\n\n\n<p>Durante el encuentro, el ministro de la Secretar\u00eda de Infraestructura y Transporte (SIT), An\u00edbal Ehrler, expuso ante los diputados el diagn\u00f3stico de la red vial nacional y los alcances del proyecto que permitir\u00e1 atender de manera urgente el deterioro de las carreteras.<\/p>\n\n\n\n<p>\u201cD\u00eda a d\u00eda se pierden vidas en la v\u00eda p\u00fablica. La red vial del pa\u00eds est\u00e1 en un estado realmente ca\u00f3tico\u201d, expres\u00f3 el ministro, al se\u00f1alar que la falta de mantenimiento preventivo ha provocado accidentes constantes, mayores tiempos de viaje y elevados costos de operaci\u00f3n para los usuarios.<\/p>\n\n\n\n<p>Ehrler explic\u00f3 que el decreto permitir\u00e1 ejecutar mantenimiento paliativo e integral en 2,700 kil\u00f3metros de la red vial, priorizando corredores tur\u00edsticos antes de la Semana Santa y tramos estrat\u00e9gicos de cara al invierno.<\/p>\n\n\n\n<p>\u201cEsto es para mejorar la seguridad vial, incentivar el turismo en Semana Santa y prepararnos para el invierno\u201d, afirm\u00f3.<\/p>\n\n\n\n<p>El titular de la SIT detall\u00f3 que los trabajos incluir\u00e1n bacheo, limpieza de cunetas y drenajes, mantenimiento de derechos de v\u00eda y reparaci\u00f3n de alcantarillas, adem\u00e1s de la compra de maquinaria para fortalecer a las municipalidades.<\/p>\n\n\n\n<p>\u201cBuscamos descentralizar el mantenimiento de la red terciaria del pa\u00eds para que los alcaldes tengan la capacidad de atender sus propias redes\u201d, indic\u00f3.<\/p>\n","protected":false},"excerpt":{"rendered":"<p>La comisi\u00f3n de dictamen del Congreso Nacional, presidida por el diputado Mario P\u00e9rez, sostuvo este martes una jornada de trabajo para analizar el decreto de emergencia vial, iniciativa que se perfila como uno de los principales temas de la agenda legislativa por su impacto directo en la seguridad, la movilidad y el desarrollo econ\u00f3mico del [&hellip;]<\/p>\n","protected":false},"author":2,"featured_media":4088,"comment_status":"closed","ping_status":"open","sticky":false,"template":"","format":"standard","meta":{"_seopress_robots_primary_cat":"","_seopress_titles_title":"","_seopress_titles_desc":"","_seopress_robots_index":"","footnotes":""},"categories":[1],"tags":[],"class_list":["post-4087","post","type-post","status-publish","format-standard","has-post-thumbnail","hentry","category-sin-categoria"],"_links":{"self":[{"href":"https:\/\/girasolmultimedios.com\/portal\/wp-json\/wp\/v2\/posts\/4087","targetHints":{"allow":["GET"]}}],"collection":[{"href":"https:\/\/girasolmultimedios.com\/portal\/wp-json\/wp\/v2\/posts"}],"about":[{"href":"https:\/\/girasolmultimedios.com\/portal\/wp-json\/wp\/v2\/types\/post"}],"author":[{"embeddable":true,"href":"https:\/\/girasolmultimedios.com\/portal\/wp-json\/wp\/v2\/users\/2"}],"replies":[{"embeddable":true,"href":"https:\/\/girasolmultimedios.com\/portal\/wp-json\/wp\/v2\/comments?post=4087"}],"version-history":[{"count":1,"href":"https:\/\/girasolmultimedios.com\/portal\/wp-json\/wp\/v2\/posts\/4087\/revisions"}],"predecessor-version":[{"id":4089,"href":"https:\/\/girasolmultimedios.com\/portal\/wp-json\/wp\/v2\/posts\/4087\/revisions\/4089"}],"wp:featuredmedia":[{"embeddable":true,"href":"https:\/\/girasolmultimedios.com\/portal\/wp-json\/wp\/v2\/media\/4088"}],"wp:attachment":[{"href":"https:\/\/girasolmultimedios.com\/portal\/wp-json\/wp\/v2\/media?parent=4087"}],"wp:term":[{"taxonomy":"category","embeddable":true,"href":"https:\/\/girasolmultimedios.com\/portal\/wp-json\/wp\/v2\/categories?post=4087"},{"taxonomy":"post_tag","embeddable":true,"href":"https:\/\/girasolmultimedios.com\/portal\/wp-json\/wp\/v2\/tags?post=4087"}],"curies":[{"name":"wp","href":"https:\/\/api.w.org\/{rel}","templated":true}]}}