{"id":4093,"date":"2026-02-11T10:24:43","date_gmt":"2026-02-11T16:24:43","guid":{"rendered":"https:\/\/girasolmultimedios.com\/portal\/?p=4093"},"modified":"2026-02-11T10:24:43","modified_gmt":"2026-02-11T16:24:43","slug":"cuales-son-las-estrategias-del-gobierno-para-apoyar-a-hondurenos-tras-cancelacion-del-tps","status":"publish","type":"post","link":"https:\/\/girasolmultimedios.com\/portal\/cuales-son-las-estrategias-del-gobierno-para-apoyar-a-hondurenos-tras-cancelacion-del-tps\/","title":{"rendered":"\u00bfCu\u00e1les son las estrategias del Gobierno para apoyar a hondure\u00f1os tras cancelaci\u00f3n del TPS?"},"content":{"rendered":"\n<p>La Secretar\u00eda de Relaciones Exteriores y Cooperaci\u00f3n Internacional (SRECI) inform\u00f3 que el Estado de Honduras ha puesto en marcha una serie de acciones estrat\u00e9gicas para acompa\u00f1ar y orientar a sus compatriotas frente a la situaci\u00f3n actual relacionada con el Estatus de Protecci\u00f3n Temporal (TPS) en Estados Unidos.<\/p>\n\n\n\n<p>En un comunicado oficial, la Canciller\u00eda explic\u00f3 que la medida responde al impacto humano, familiar y social que genera la reciente determinaci\u00f3n del Gobierno estadounidense de iniciar el proceso de cancelaci\u00f3n del TPS, un estatus que ha permitido por m\u00e1s de 26 a\u00f1os que hondure\u00f1os vivan y trabajen temporalmente en ese pa\u00eds bajo cumplimiento de requisitos legales.<\/p>\n\n\n\n<h4 class=\"wp-block-heading\"><strong>TPS: Un estatus temporal en revisi\u00f3n<\/strong><\/h4>\n\n\n\n<p>El TPS fue otorgado a Honduras tras el impacto del hurac\u00e1n Mitch en 1999. Seg\u00fan el pronunciamiento, aunque el beneficio se extendi\u00f3 por varios a\u00f1os, la actual administraci\u00f3n estadounidense inici\u00f3 desde 2025 el proceso de cancelaci\u00f3n tras el vencimiento de la \u00faltima renovaci\u00f3n para los pa\u00edses beneficiados.<\/p>\n\n\n\n<p>La Canciller\u00eda se\u00f1al\u00f3 que la reciente decisi\u00f3n judicial conocida no constituye una resoluci\u00f3n definitiva, sino una etapa dentro de un proceso legal que a\u00fan puede transitar nuevas instancias.<\/p>\n\n\n\n<h4 class=\"wp-block-heading\"><strong>Rutas legales y acompa\u00f1amiento<\/strong><\/h4>\n\n\n\n<p>Ante este panorama, el Gobierno hondure\u00f1o indic\u00f3 que se est\u00e1n evaluando alternativas legales y mecanismos de apoyo para quienes exploran v\u00edas de regularizaci\u00f3n, as\u00ed como para quienes eventualmente enfrenten escenarios de retorno.<\/p>\n\n\n\n<p><strong>Entre las acciones anunciadas destacan:<\/strong><\/p>\n\n\n\n<p>Coordinaci\u00f3n entre la red consular hondure\u00f1a, la academia y organizaciones especializadas para facilitar orientaci\u00f3n jur\u00eddica confiable.<\/p>\n\n\n\n<p>Articulaci\u00f3n de un Comit\u00e9 Interinstitucional para brindar atenci\u00f3n diferenciada seg\u00fan cada caso, integrando esfuerzos del sector p\u00fablico y privado para la reinserci\u00f3n de connacionales en Honduras.<\/p>\n\n\n\n<p>La SRECI subray\u00f3 que el objetivo principal es velar por el bienestar y la seguridad de los hondure\u00f1os en el exterior, brindando informaci\u00f3n clara, combatiendo la desinformaci\u00f3n y ordenando el proceso para que las personas puedan evaluar sus opciones con asesor\u00eda legal adecuada.<\/p>\n\n\n\n<h4 class=\"wp-block-heading\"><strong>Compromiso de protecci\u00f3n y comunicaci\u00f3n constante<\/strong><\/h4>\n\n\n\n<p>La Canciller\u00eda reiter\u00f3 a los hondure\u00f1os amparados al TPS y a sus familias que el Estado comprende la incertidumbre que atraviesan y mantiene su firme compromiso de acompa\u00f1arlos, orientarlos y trabajar en la construcci\u00f3n de soluciones responsables que prioricen su seguridad y estabilidad.<\/p>\n","protected":false},"excerpt":{"rendered":"<p>La Secretar\u00eda de Relaciones Exteriores y Cooperaci\u00f3n Internacional (SRECI) inform\u00f3 que el Estado de Honduras ha puesto en marcha una serie de acciones estrat\u00e9gicas para acompa\u00f1ar y orientar a sus compatriotas frente a la situaci\u00f3n actual relacionada con el Estatus de Protecci\u00f3n Temporal (TPS) en Estados Unidos. En un comunicado oficial, la Canciller\u00eda explic\u00f3 que [&hellip;]<\/p>\n","protected":false},"author":2,"featured_media":4094,"comment_status":"closed","ping_status":"open","sticky":false,"template":"","format":"standard","meta":{"_seopress_robots_primary_cat":"","_seopress_titles_title":"","_seopress_titles_desc":"","_seopress_robots_index":"","footnotes":""},"categories":[1],"tags":[],"class_list":["post-4093","post","type-post","status-publish","format-standard","has-post-thumbnail","hentry","category-sin-categoria"],"_links":{"self":[{"href":"https:\/\/girasolmultimedios.com\/portal\/wp-json\/wp\/v2\/posts\/4093","targetHints":{"allow":["GET"]}}],"collection":[{"href":"https:\/\/girasolmultimedios.com\/portal\/wp-json\/wp\/v2\/posts"}],"about":[{"href":"https:\/\/girasolmultimedios.com\/portal\/wp-json\/wp\/v2\/types\/post"}],"author":[{"embeddable":true,"href":"https:\/\/girasolmultimedios.com\/portal\/wp-json\/wp\/v2\/users\/2"}],"replies":[{"embeddable":true,"href":"https:\/\/girasolmultimedios.com\/portal\/wp-json\/wp\/v2\/comments?post=4093"}],"version-history":[{"count":1,"href":"https:\/\/girasolmultimedios.com\/portal\/wp-json\/wp\/v2\/posts\/4093\/revisions"}],"predecessor-version":[{"id":4095,"href":"https:\/\/girasolmultimedios.com\/portal\/wp-json\/wp\/v2\/posts\/4093\/revisions\/4095"}],"wp:featuredmedia":[{"embeddable":true,"href":"https:\/\/girasolmultimedios.com\/portal\/wp-json\/wp\/v2\/media\/4094"}],"wp:attachment":[{"href":"https:\/\/girasolmultimedios.com\/portal\/wp-json\/wp\/v2\/media?parent=4093"}],"wp:term":[{"taxonomy":"category","embeddable":true,"href":"https:\/\/girasolmultimedios.com\/portal\/wp-json\/wp\/v2\/categories?post=4093"},{"taxonomy":"post_tag","embeddable":true,"href":"https:\/\/girasolmultimedios.com\/portal\/wp-json\/wp\/v2\/tags?post=4093"}],"curies":[{"name":"wp","href":"https:\/\/api.w.org\/{rel}","templated":true}]}}