{"id":4111,"date":"2026-02-12T09:52:40","date_gmt":"2026-02-12T15:52:40","guid":{"rendered":"https:\/\/girasolmultimedios.com\/portal\/?p=4111"},"modified":"2026-02-12T09:52:40","modified_gmt":"2026-02-12T15:52:40","slug":"estado-del-tiempo-para-hoy-jueves-12-de-febrero","status":"publish","type":"post","link":"https:\/\/girasolmultimedios.com\/portal\/estado-del-tiempo-para-hoy-jueves-12-de-febrero\/","title":{"rendered":"Estado del tiempo para hoy jueves 12 de febrero"},"content":{"rendered":"\n<p>La\u00a0Secretar\u00eda de Gesti\u00f3n de Riesgos y Contingencias (Copeco), inform\u00f3 que el estado del tiempo para este d\u00eda predominar\u00e1 con condiciones secas en la mayor parte del pa\u00eds.<\/p>\n\n\n\n<p>Sin embargo, el viento del noreste estar\u00e1 transportando humedad desde el mar Caribe, produciendo lluvias d\u00e9biles y aisladas, especialmente en \u00e1reas de monta\u00f1a en la regi\u00f3n oriental, norte, adem\u00e1s de zonas del occidente y centro de Honduras.<\/p>\n\n\n\n<p>Para Tegucigalpa, capital de Honduras, se pronostica una m\u00e1xima de 28\u00b0C y una m\u00ednima de 15\u00b0C.<\/p>\n","protected":false},"excerpt":{"rendered":"<p>La\u00a0Secretar\u00eda de Gesti\u00f3n de Riesgos y Contingencias (Copeco), inform\u00f3 que el estado del tiempo para este d\u00eda predominar\u00e1 con condiciones secas en la mayor parte del pa\u00eds. Sin embargo, el viento del noreste estar\u00e1 transportando humedad desde el mar Caribe, produciendo lluvias d\u00e9biles y aisladas, especialmente en \u00e1reas de monta\u00f1a en la regi\u00f3n oriental, norte, [&hellip;]<\/p>\n","protected":false},"author":2,"featured_media":4112,"comment_status":"closed","ping_status":"open","sticky":false,"template":"","format":"standard","meta":{"_seopress_robots_primary_cat":"","_seopress_titles_title":"","_seopress_titles_desc":"","_seopress_robots_index":"","footnotes":""},"categories":[1],"tags":[],"class_list":["post-4111","post","type-post","status-publish","format-standard","has-post-thumbnail","hentry","category-sin-categoria"],"_links":{"self":[{"href":"https:\/\/girasolmultimedios.com\/portal\/wp-json\/wp\/v2\/posts\/4111","targetHints":{"allow":["GET"]}}],"collection":[{"href":"https:\/\/girasolmultimedios.com\/portal\/wp-json\/wp\/v2\/posts"}],"about":[{"href":"https:\/\/girasolmultimedios.com\/portal\/wp-json\/wp\/v2\/types\/post"}],"author":[{"embeddable":true,"href":"https:\/\/girasolmultimedios.com\/portal\/wp-json\/wp\/v2\/users\/2"}],"replies":[{"embeddable":true,"href":"https:\/\/girasolmultimedios.com\/portal\/wp-json\/wp\/v2\/comments?post=4111"}],"version-history":[{"count":1,"href":"https:\/\/girasolmultimedios.com\/portal\/wp-json\/wp\/v2\/posts\/4111\/revisions"}],"predecessor-version":[{"id":4113,"href":"https:\/\/girasolmultimedios.com\/portal\/wp-json\/wp\/v2\/posts\/4111\/revisions\/4113"}],"wp:featuredmedia":[{"embeddable":true,"href":"https:\/\/girasolmultimedios.com\/portal\/wp-json\/wp\/v2\/media\/4112"}],"wp:attachment":[{"href":"https:\/\/girasolmultimedios.com\/portal\/wp-json\/wp\/v2\/media?parent=4111"}],"wp:term":[{"taxonomy":"category","embeddable":true,"href":"https:\/\/girasolmultimedios.com\/portal\/wp-json\/wp\/v2\/categories?post=4111"},{"taxonomy":"post_tag","embeddable":true,"href":"https:\/\/girasolmultimedios.com\/portal\/wp-json\/wp\/v2\/tags?post=4111"}],"curies":[{"name":"wp","href":"https:\/\/api.w.org\/{rel}","templated":true}]}}