{"id":4120,"date":"2026-02-12T10:01:04","date_gmt":"2026-02-12T16:01:04","guid":{"rendered":"https:\/\/girasolmultimedios.com\/portal\/?p=4120"},"modified":"2026-02-12T10:01:04","modified_gmt":"2026-02-12T16:01:04","slug":"luis-larach-pide-despolitizar-y-modernizar-el-ihss","status":"publish","type":"post","link":"https:\/\/girasolmultimedios.com\/portal\/luis-larach-pide-despolitizar-y-modernizar-el-ihss\/","title":{"rendered":"Luis Larach pide despolitizar y modernizar el IHSS"},"content":{"rendered":"\n<p>El expresidente del Consejo Hondure\u00f1o de la Empresa Privada (Cohep), Luis Larach, se pronunci\u00f3 tras el nombramiento de V\u00edctor Antonio Mart\u00ednez C\u00e1ceres como nuevo director del\u00a0Instituto Hondure\u00f1o de Seguridad Social (IHSS)\u00a0y afirm\u00f3 que el Seguro Social representa uno de los temas m\u00e1s importantes para la sociedad, especialmente para los trabajadores del sector privado.<\/p>\n\n\n\n<p>Larach reconoci\u00f3 que el Gobierno ha priorizado la salud p\u00fablica, pero se\u00f1al\u00f3 que el IHSS arrastra problemas estructurales derivados de la politizaci\u00f3n, la corrupci\u00f3n, el despilfarro de recursos y la falta de profesionalizaci\u00f3n en su administraci\u00f3n.<\/p>\n\n\n\n<p>El dirigente empresarial asegur\u00f3 que la instituci\u00f3n debe gestionarse con criterios t\u00e9cnicos y meritocr\u00e1ticos, y plante\u00f3 la necesidad de nombrar administradores profesionales con estabilidad en sus cargos y una planificaci\u00f3n estrat\u00e9gica clara sobre el rumbo del Seguro Social.<\/p>\n\n\n\n<p>Tambi\u00e9n advirti\u00f3 que el IHSS enfrenta una mora en salud igual o peor que la del sistema p\u00fablico, debido a la falta de planificaci\u00f3n, orden y digitalizaci\u00f3n.<\/p>\n\n\n\n<p>Indic\u00f3 que muchos procesos a\u00fan se realizan de forma manual, lo que provoca p\u00e9rdida de citas y retrasos de hasta seis u ocho meses en procedimientos m\u00e9dicos y cirug\u00edas urgentes.<\/p>\n\n\n\n<p>Entre sus propuestas, Larach inst\u00f3 a ordenar la instituci\u00f3n, digitalizar los sistemas, depurar cuentas por cobrar, revisar empresas inexistentes que figuran como deudoras y establecer convenios y tercerizaci\u00f3n de servicios m\u00e9dicos con tarifas reguladas.<\/p>\n","protected":false},"excerpt":{"rendered":"<p>El expresidente del Consejo Hondure\u00f1o de la Empresa Privada (Cohep), Luis Larach, se pronunci\u00f3 tras el nombramiento de V\u00edctor Antonio Mart\u00ednez C\u00e1ceres como nuevo director del\u00a0Instituto Hondure\u00f1o de Seguridad Social (IHSS)\u00a0y afirm\u00f3 que el Seguro Social representa uno de los temas m\u00e1s importantes para la sociedad, especialmente para los trabajadores del sector privado. Larach reconoci\u00f3 [&hellip;]<\/p>\n","protected":false},"author":2,"featured_media":4121,"comment_status":"closed","ping_status":"open","sticky":false,"template":"","format":"standard","meta":{"_seopress_robots_primary_cat":"","_seopress_titles_title":"","_seopress_titles_desc":"","_seopress_robots_index":"","footnotes":""},"categories":[1],"tags":[],"class_list":["post-4120","post","type-post","status-publish","format-standard","has-post-thumbnail","hentry","category-sin-categoria"],"_links":{"self":[{"href":"https:\/\/girasolmultimedios.com\/portal\/wp-json\/wp\/v2\/posts\/4120","targetHints":{"allow":["GET"]}}],"collection":[{"href":"https:\/\/girasolmultimedios.com\/portal\/wp-json\/wp\/v2\/posts"}],"about":[{"href":"https:\/\/girasolmultimedios.com\/portal\/wp-json\/wp\/v2\/types\/post"}],"author":[{"embeddable":true,"href":"https:\/\/girasolmultimedios.com\/portal\/wp-json\/wp\/v2\/users\/2"}],"replies":[{"embeddable":true,"href":"https:\/\/girasolmultimedios.com\/portal\/wp-json\/wp\/v2\/comments?post=4120"}],"version-history":[{"count":1,"href":"https:\/\/girasolmultimedios.com\/portal\/wp-json\/wp\/v2\/posts\/4120\/revisions"}],"predecessor-version":[{"id":4122,"href":"https:\/\/girasolmultimedios.com\/portal\/wp-json\/wp\/v2\/posts\/4120\/revisions\/4122"}],"wp:featuredmedia":[{"embeddable":true,"href":"https:\/\/girasolmultimedios.com\/portal\/wp-json\/wp\/v2\/media\/4121"}],"wp:attachment":[{"href":"https:\/\/girasolmultimedios.com\/portal\/wp-json\/wp\/v2\/media?parent=4120"}],"wp:term":[{"taxonomy":"category","embeddable":true,"href":"https:\/\/girasolmultimedios.com\/portal\/wp-json\/wp\/v2\/categories?post=4120"},{"taxonomy":"post_tag","embeddable":true,"href":"https:\/\/girasolmultimedios.com\/portal\/wp-json\/wp\/v2\/tags?post=4120"}],"curies":[{"name":"wp","href":"https:\/\/api.w.org\/{rel}","templated":true}]}}