{"id":4126,"date":"2026-02-12T10:05:02","date_gmt":"2026-02-12T16:05:02","guid":{"rendered":"https:\/\/girasolmultimedios.com\/portal\/?p=4126"},"modified":"2026-02-12T10:05:03","modified_gmt":"2026-02-12T16:05:03","slug":"llegan-nuevos-helicopteros-airbus-h145-a-la-fuerza-aerea-hondurena","status":"publish","type":"post","link":"https:\/\/girasolmultimedios.com\/portal\/llegan-nuevos-helicopteros-airbus-h145-a-la-fuerza-aerea-hondurena\/","title":{"rendered":"Llegan nuevos helic\u00f3pteros Airbus H145 a la Fuerza A\u00e9rea Hondure\u00f1a"},"content":{"rendered":"\n<p>La\u00a0Secretar\u00eda de Defensa\u00a0inform\u00f3 sobre la llegada de dos helic\u00f3pteros Airbus H145 D3 de \u00faltima generaci\u00f3n, que se incorporan de inmediato a la flota de la Fuerza A\u00e9rea Hondure\u00f1a (FAH) como parte del proceso de modernizaci\u00f3n de las Fuerzas Armadas.<\/p>\n\n\n\n<p>Las aeronaves arribaron a la Base A\u00e9rea Coronel Armando Escal\u00f3n Espinal tras ser trasladadas en un vuelo directo desde Frankfurt, Alemania, a bordo de un Boeing 747-400 que aterriz\u00f3 en el Aeropuerto Internacional Ram\u00f3n Villeda Morales.<\/p>\n\n\n\n<p>El comandante general de la FAH, general de brigada Walter Yanuario Paz L\u00f3pez, particip\u00f3 en el acto de recepci\u00f3n oficial.<\/p>\n\n\n\n<p>La instituci\u00f3n castrense destac\u00f3 que los nuevos helic\u00f3pteros fortalecer\u00e1n la capacidad operativa de la FAH, especialmente en misiones de ayuda humanitaria ante emergencias y desastres naturales, operaciones de b\u00fasqueda y rescate en zonas de dif\u00edcil acceso, as\u00ed como en tareas de vigilancia, patrullaje y defensa del espacio a\u00e9reo nacional.<\/p>\n\n\n\n<p>Tras su llegada, un convoy militar custodia el traslado de las aeronaves hacia Tegucigalpa, en una operaci\u00f3n que las autoridades califican como estrat\u00e9gica para el fortalecimiento institucional y el desarrollo operativo del pa\u00eds.<\/p>\n\n\n\n<p>Seg\u00fan el informe oficial, cada helic\u00f3ptero representa un avance clave en la modernizaci\u00f3n de las Fuerzas Armadas, con el objetivo de garantizar una respuesta m\u00e1s r\u00e1pida y eficiente ante las necesidades de la poblaci\u00f3n hondure\u00f1a.<\/p>\n","protected":false},"excerpt":{"rendered":"<p>La\u00a0Secretar\u00eda de Defensa\u00a0inform\u00f3 sobre la llegada de dos helic\u00f3pteros Airbus H145 D3 de \u00faltima generaci\u00f3n, que se incorporan de inmediato a la flota de la Fuerza A\u00e9rea Hondure\u00f1a (FAH) como parte del proceso de modernizaci\u00f3n de las Fuerzas Armadas. Las aeronaves arribaron a la Base A\u00e9rea Coronel Armando Escal\u00f3n Espinal tras ser trasladadas en un [&hellip;]<\/p>\n","protected":false},"author":2,"featured_media":4127,"comment_status":"closed","ping_status":"open","sticky":false,"template":"","format":"standard","meta":{"_seopress_robots_primary_cat":"","_seopress_titles_title":"","_seopress_titles_desc":"","_seopress_robots_index":"","footnotes":""},"categories":[1],"tags":[],"class_list":["post-4126","post","type-post","status-publish","format-standard","has-post-thumbnail","hentry","category-sin-categoria"],"_links":{"self":[{"href":"https:\/\/girasolmultimedios.com\/portal\/wp-json\/wp\/v2\/posts\/4126","targetHints":{"allow":["GET"]}}],"collection":[{"href":"https:\/\/girasolmultimedios.com\/portal\/wp-json\/wp\/v2\/posts"}],"about":[{"href":"https:\/\/girasolmultimedios.com\/portal\/wp-json\/wp\/v2\/types\/post"}],"author":[{"embeddable":true,"href":"https:\/\/girasolmultimedios.com\/portal\/wp-json\/wp\/v2\/users\/2"}],"replies":[{"embeddable":true,"href":"https:\/\/girasolmultimedios.com\/portal\/wp-json\/wp\/v2\/comments?post=4126"}],"version-history":[{"count":1,"href":"https:\/\/girasolmultimedios.com\/portal\/wp-json\/wp\/v2\/posts\/4126\/revisions"}],"predecessor-version":[{"id":4128,"href":"https:\/\/girasolmultimedios.com\/portal\/wp-json\/wp\/v2\/posts\/4126\/revisions\/4128"}],"wp:featuredmedia":[{"embeddable":true,"href":"https:\/\/girasolmultimedios.com\/portal\/wp-json\/wp\/v2\/media\/4127"}],"wp:attachment":[{"href":"https:\/\/girasolmultimedios.com\/portal\/wp-json\/wp\/v2\/media?parent=4126"}],"wp:term":[{"taxonomy":"category","embeddable":true,"href":"https:\/\/girasolmultimedios.com\/portal\/wp-json\/wp\/v2\/categories?post=4126"},{"taxonomy":"post_tag","embeddable":true,"href":"https:\/\/girasolmultimedios.com\/portal\/wp-json\/wp\/v2\/tags?post=4126"}],"curies":[{"name":"wp","href":"https:\/\/api.w.org\/{rel}","templated":true}]}}