{"id":4129,"date":"2026-02-12T10:08:32","date_gmt":"2026-02-12T16:08:32","guid":{"rendered":"https:\/\/girasolmultimedios.com\/portal\/?p=4129"},"modified":"2026-02-12T10:08:32","modified_gmt":"2026-02-12T16:08:32","slug":"juan-diego-zelaya-impulsa-mejoras-en-el-parque-cerro-juana-lainez","status":"publish","type":"post","link":"https:\/\/girasolmultimedios.com\/portal\/juan-diego-zelaya-impulsa-mejoras-en-el-parque-cerro-juana-lainez\/","title":{"rendered":"Juan Diego Zelaya impulsa mejoras en el Parque Cerro Juana La\u00ednez"},"content":{"rendered":"\n<p>El alcalde del Distrito Central, Juan Diego Zelaya, se reuni\u00f3 con el equipo de la Fundaci\u00f3n Ecol\u00f3gica de Tegucigalpa para avanzar en la mejora del Parque Cerro Juana La\u00ednez.<\/p>\n\n\n\n<p>Zelaya inform\u00f3 que trabajan en la actualizaci\u00f3n de la documentaci\u00f3n del parque ante la alcald\u00eda, con el objetivo de agilizar los permisos necesarios y garantizar su funcionamiento sin retrasos, ofreciendo un mejor servicio a la comunidad.<\/p>\n\n\n\n<p>El edil tambi\u00e9n detall\u00f3 que avanzan en los planes para habilitar una nueva entrada y ejecutar la pavimentaci\u00f3n de la calle de acceso y de la v\u00eda principal, a fin de facilitar y hacer m\u00e1s c\u00f3modo el ingreso de los visitantes.<\/p>\n\n\n\n<p><a href=\"https:\/\/twitter.com\/intent\/tweet?text=Juan+Diego+Zelaya+impulsa+mejoras+en+el+Parque+Cerro+Juana+La%C3%ADnez&amp;url=https%3A%2F%2Fwww.latribuna.hn%2F2026%2F02%2F12%2Fjuan-diego-zelaya-impulsa-mejoras-en-el-parque-cerro-juana-lainez%2F\"><\/a><\/p>\n\n\n\n<p><a href=\"https:\/\/twitter.com\/intent\/tweet?text=Juan+Diego+Zelaya+impulsa+mejoras+en+el+Parque+Cerro+Juana+La%C3%ADnez&amp;url=https%3A%2F%2Fwww.latribuna.hn%2F2026%2F02%2F12%2Fjuan-diego-zelaya-impulsa-mejoras-en-el-parque-cerro-juana-lainez%2F\"><\/a><a href=\"https:\/\/api.whatsapp.com\/send?text=Juan+Diego+Zelaya+impulsa+mejoras+en+el+Parque+Cerro+Juana+La%C3%ADnez%20%0A%0A%20https:\/\/www.latribuna.hn\/2026\/02\/12\/juan-diego-zelaya-impulsa-mejoras-en-el-parque-cerro-juana-lainez\/\"><\/a><a href=\"mailto:?subject=Juan%20Diego%20Zelaya%20impulsa%20mejoras%20en%20el%20Parque%20Cerro%20Juana%20La%C3%ADnez&amp;body=https:\/\/www.latribuna.hn\/2026\/02\/12\/juan-diego-zelaya-impulsa-mejoras-en-el-parque-cerro-juana-lainez\/\"><\/a><a href=\"https:\/\/www.latribuna.hn\/2026\/02\/12\/juan-diego-zelaya-impulsa-mejoras-en-el-parque-cerro-juana-lainez\/\"><\/a><\/p>\n","protected":false},"excerpt":{"rendered":"<p>El alcalde del Distrito Central, Juan Diego Zelaya, se reuni\u00f3 con el equipo de la Fundaci\u00f3n Ecol\u00f3gica de Tegucigalpa para avanzar en la mejora del Parque Cerro Juana La\u00ednez. Zelaya inform\u00f3 que trabajan en la actualizaci\u00f3n de la documentaci\u00f3n del parque ante la alcald\u00eda, con el objetivo de agilizar los permisos necesarios y garantizar su [&hellip;]<\/p>\n","protected":false},"author":2,"featured_media":4130,"comment_status":"closed","ping_status":"open","sticky":false,"template":"","format":"standard","meta":{"_seopress_robots_primary_cat":"","_seopress_titles_title":"","_seopress_titles_desc":"","_seopress_robots_index":"","footnotes":""},"categories":[1],"tags":[],"class_list":["post-4129","post","type-post","status-publish","format-standard","has-post-thumbnail","hentry","category-sin-categoria"],"_links":{"self":[{"href":"https:\/\/girasolmultimedios.com\/portal\/wp-json\/wp\/v2\/posts\/4129","targetHints":{"allow":["GET"]}}],"collection":[{"href":"https:\/\/girasolmultimedios.com\/portal\/wp-json\/wp\/v2\/posts"}],"about":[{"href":"https:\/\/girasolmultimedios.com\/portal\/wp-json\/wp\/v2\/types\/post"}],"author":[{"embeddable":true,"href":"https:\/\/girasolmultimedios.com\/portal\/wp-json\/wp\/v2\/users\/2"}],"replies":[{"embeddable":true,"href":"https:\/\/girasolmultimedios.com\/portal\/wp-json\/wp\/v2\/comments?post=4129"}],"version-history":[{"count":1,"href":"https:\/\/girasolmultimedios.com\/portal\/wp-json\/wp\/v2\/posts\/4129\/revisions"}],"predecessor-version":[{"id":4131,"href":"https:\/\/girasolmultimedios.com\/portal\/wp-json\/wp\/v2\/posts\/4129\/revisions\/4131"}],"wp:featuredmedia":[{"embeddable":true,"href":"https:\/\/girasolmultimedios.com\/portal\/wp-json\/wp\/v2\/media\/4130"}],"wp:attachment":[{"href":"https:\/\/girasolmultimedios.com\/portal\/wp-json\/wp\/v2\/media?parent=4129"}],"wp:term":[{"taxonomy":"category","embeddable":true,"href":"https:\/\/girasolmultimedios.com\/portal\/wp-json\/wp\/v2\/categories?post=4129"},{"taxonomy":"post_tag","embeddable":true,"href":"https:\/\/girasolmultimedios.com\/portal\/wp-json\/wp\/v2\/tags?post=4129"}],"curies":[{"name":"wp","href":"https:\/\/api.w.org\/{rel}","templated":true}]}}