{"id":4133,"date":"2026-02-13T09:31:17","date_gmt":"2026-02-13T15:31:17","guid":{"rendered":"https:\/\/girasolmultimedios.com\/portal\/?p=4133"},"modified":"2026-02-13T09:31:18","modified_gmt":"2026-02-13T15:31:18","slug":"la-verdad-siempre-prevalece-romeo-tras-salir-de-la-lista-de-los-mas-buscados","status":"publish","type":"post","link":"https:\/\/girasolmultimedios.com\/portal\/la-verdad-siempre-prevalece-romeo-tras-salir-de-la-lista-de-los-mas-buscados\/","title":{"rendered":"&#8216;La verdad siempre prevalece&#8217;: Romeo tras salir de la lista de los m\u00e1s buscados"},"content":{"rendered":"\n<p>El exjefe del Estado Mayor Conjunto de las Fuerzas Armadas de Honduras,\u00a0<strong>Romeo V\u00e1squez Vel\u00e1squez<\/strong>, se pronunci\u00f3 p\u00fablicamente el jueves luego de que la\u00a0<strong>Polic\u00eda Nacional de Honduras<\/strong>\u00a0lo retirara de la lista de los diez delincuentes m\u00e1s buscados, por la que anteriormente se ofrec\u00eda una\u00a0<strong>recompensa de 35 millones de lempiras<\/strong>.<\/p>\n\n\n\n<p>A trav\u00e9s de un video difundido en redes sociales, V\u00e1squez afirm\u00f3 que su exclusi\u00f3n del listado confirma que \u201cla verdad siempre prevalece\u201d, agradeciendo a Dios y al pueblo hondure\u00f1o por, seg\u00fan dijo, saber diferenciar entre justicia y persecuci\u00f3n pol\u00edtica.<\/p>\n\n\n\n<h2 class=\"wp-block-heading\"><strong>Cr\u00edticas al gobierno anterior y mensaje al actual Ejecutivo<\/strong><\/h2>\n\n\n\n<p>En su mensaje, el exjefe militar cuestion\u00f3 directamente a la administraci\u00f3n de la expresidenta&nbsp;<strong>Xiomara Castro<\/strong>, a la que acus\u00f3 de haber impulsado una persecuci\u00f3n injusta en su contra al incluirlo en la lista de fugitivos y autorizar una recompensa millonaria para su captura.<\/p>\n\n\n\n<p>Por el contrario, expres\u00f3 su agradecimiento al actual gobierno del presidente&nbsp;<strong>Nasry Asfura<\/strong>, a quien atribuy\u00f3 haber \u201ciniciado el camino correcto\u201d al retirar su nombre del registro policial.<\/p>\n\n\n\n<p>\u201cCon la fe puesta en Dios, la verdad prevalece y la justicia, aunque tarde, siempre llega\u201d, manifest\u00f3 V\u00e1squez en su declaraci\u00f3n.<\/p>\n\n\n\n<h3 class=\"wp-block-heading\"><strong>Antecedentes del caso y acusaciones del Ministerio P\u00fablico<\/strong><\/h3>\n\n\n\n<p>Romeo V\u00e1squez fue jefe del Estado Mayor Conjunto de las Fuerzas Armadas durante la crisis pol\u00edtica del&nbsp;<strong>28 de junio de 2009<\/strong>, cuando el entonces presidente&nbsp;<strong>Manuel Zelaya<\/strong>&nbsp;fue derrocado y expulsado del pa\u00eds, tras impulsar una consulta popular declarada ilegal por distintos \u00f3rganos del Estado.<\/p>\n\n\n\n<p>El&nbsp;<strong>Ministerio P\u00fablico de Honduras<\/strong>&nbsp;acusa a V\u00e1squez, junto a los generales&nbsp;<strong>Venancio Cervantes<\/strong>&nbsp;y&nbsp;<strong>Carlos Roberto Puerto<\/strong>, por el&nbsp;<strong>asesinato de Isis Obed Murillo<\/strong>&nbsp;y el&nbsp;<strong>intento de asesinato de Alex Roberto Zavala<\/strong>, ambos simpatizantes de Zelaya.<\/p>\n\n\n\n<p>Murillo falleci\u00f3 el\u00a0<strong>5 de julio de 2009<\/strong>, tras recibir un disparo en la cabeza durante una manifestaci\u00f3n en Tegucigalpa, en el contexto del fallido retorno a\u00e9reo de Zelaya al pa\u00eds.<\/p>\n\n\n\n<h3 class=\"wp-block-heading\"><strong>Situaci\u00f3n judicial y condici\u00f3n de pr\u00f3fugo<\/strong><\/h3>\n\n\n\n<p>Los tres generales fueron capturados en enero de 2025 y enviados inicialmente a la Penitenciar\u00eda Nacional. Posteriormente, un juez les concedi\u00f3 arresto domiciliario, medida que fue revocada por una Corte de Apelaciones, ordenando su reingreso a prisi\u00f3n.<\/p>\n\n\n\n<p>Mientras Cervantes y Puerto se entregaron voluntariamente en marzo de 2025,&nbsp;<strong>el paradero de Romeo V\u00e1squez contin\u00faa siendo desconocido<\/strong>, manteni\u00e9ndose en condici\u00f3n de pr\u00f3fugo, aunque activo en redes sociales, desde donde critica al sistema judicial y al coordinador del partido Libre,&nbsp;<strong>Manuel Zelaya<\/strong>.<\/p>\n\n\n\n<p>Hasta el momento, las autoridades no han explicado p\u00fablicamente los criterios espec\u00edficos que motivaron la eliminaci\u00f3n de V\u00e1squez de la lista de los m\u00e1s buscados, una decisi\u00f3n que ha generado reacciones divididas en el \u00e1mbito pol\u00edtico y en la opini\u00f3n p\u00fablica.<\/p>\n","protected":false},"excerpt":{"rendered":"<p>El exjefe del Estado Mayor Conjunto de las Fuerzas Armadas de Honduras,\u00a0Romeo V\u00e1squez Vel\u00e1squez, se pronunci\u00f3 p\u00fablicamente el jueves luego de que la\u00a0Polic\u00eda Nacional de Honduras\u00a0lo retirara de la lista de los diez delincuentes m\u00e1s buscados, por la que anteriormente se ofrec\u00eda una\u00a0recompensa de 35 millones de lempiras. A trav\u00e9s de un video difundido en [&hellip;]<\/p>\n","protected":false},"author":2,"featured_media":4135,"comment_status":"closed","ping_status":"open","sticky":false,"template":"","format":"standard","meta":{"_seopress_robots_primary_cat":"","_seopress_titles_title":"","_seopress_titles_desc":"","_seopress_robots_index":"","footnotes":""},"categories":[23],"tags":[],"class_list":["post-4133","post","type-post","status-publish","format-standard","has-post-thumbnail","hentry","category-nacionales"],"_links":{"self":[{"href":"https:\/\/girasolmultimedios.com\/portal\/wp-json\/wp\/v2\/posts\/4133","targetHints":{"allow":["GET"]}}],"collection":[{"href":"https:\/\/girasolmultimedios.com\/portal\/wp-json\/wp\/v2\/posts"}],"about":[{"href":"https:\/\/girasolmultimedios.com\/portal\/wp-json\/wp\/v2\/types\/post"}],"author":[{"embeddable":true,"href":"https:\/\/girasolmultimedios.com\/portal\/wp-json\/wp\/v2\/users\/2"}],"replies":[{"embeddable":true,"href":"https:\/\/girasolmultimedios.com\/portal\/wp-json\/wp\/v2\/comments?post=4133"}],"version-history":[{"count":1,"href":"https:\/\/girasolmultimedios.com\/portal\/wp-json\/wp\/v2\/posts\/4133\/revisions"}],"predecessor-version":[{"id":4138,"href":"https:\/\/girasolmultimedios.com\/portal\/wp-json\/wp\/v2\/posts\/4133\/revisions\/4138"}],"wp:featuredmedia":[{"embeddable":true,"href":"https:\/\/girasolmultimedios.com\/portal\/wp-json\/wp\/v2\/media\/4135"}],"wp:attachment":[{"href":"https:\/\/girasolmultimedios.com\/portal\/wp-json\/wp\/v2\/media?parent=4133"}],"wp:term":[{"taxonomy":"category","embeddable":true,"href":"https:\/\/girasolmultimedios.com\/portal\/wp-json\/wp\/v2\/categories?post=4133"},{"taxonomy":"post_tag","embeddable":true,"href":"https:\/\/girasolmultimedios.com\/portal\/wp-json\/wp\/v2\/tags?post=4133"}],"curies":[{"name":"wp","href":"https:\/\/api.w.org\/{rel}","templated":true}]}}