{"id":4148,"date":"2026-02-13T09:47:00","date_gmt":"2026-02-13T15:47:00","guid":{"rendered":"https:\/\/girasolmultimedios.com\/portal\/?p=4148"},"modified":"2026-02-13T09:47:00","modified_gmt":"2026-02-13T15:47:00","slug":"conadeh-alerta-por-desproteccion-de-hondurenos-con-tps","status":"publish","type":"post","link":"https:\/\/girasolmultimedios.com\/portal\/conadeh-alerta-por-desproteccion-de-hondurenos-con-tps\/","title":{"rendered":"Conadeh alerta por desprotecci\u00f3n de hondure\u00f1os con TPS"},"content":{"rendered":"\n<p>El\u00a0Comisionado Nacional de los Derechos Humanos (Conadeh)\u00a0expres\u00f3 su preocupaci\u00f3n por la vulnerabilidad en la que quedan m\u00e1s de 50,000 hondure\u00f1os tras la decisi\u00f3n de una corte de Estados Unidos de suspender la extensi\u00f3n autom\u00e1tica del Estatus de Protecci\u00f3n Temporal (TPS).<\/p>\n\n\n\n<p>La coordinadora de la Defensor\u00eda de Movilidad Humana del Conadeh, Elsy Reyes, calific\u00f3 la resoluci\u00f3n judicial como una noticia \u201cfuerte\u201d para los compatriotas que dependen de este amparo legal vigente desde 1999.<\/p>\n\n\n\n<p>Reyes recomend\u00f3 a las personas acogidas al TPS mantener la calma y esperar el desenlace del proceso judicial antes de tomar decisiones definitivas sobre su situaci\u00f3n migratoria.<\/p>\n\n\n\n<p>No obstante, advirti\u00f3 que, mientras no exista una resoluci\u00f3n final, los beneficiarios quedan autom\u00e1ticamente en condici\u00f3n de desprotecci\u00f3n.<\/p>\n\n\n\n<p>La defensora tambi\u00e9n inst\u00f3 a los afectados a actuar con prudencia y evitar situaciones que puedan agravar su estatus migratorio, como conducir con licencias vencidas.<\/p>\n\n\n\n<p>Asimismo, se\u00f1al\u00f3 que el gobierno de Honduras enfrenta limitaciones para intervenir directamente, ya que el caso se encuentra bajo la jurisdicci\u00f3n exclusiva del Poder Judicial estadounidense.<\/p>\n\n\n\n<p>Finalmente, Reyes subray\u00f3 que el Estado debe atender las causas estructurales de la migraci\u00f3n, reforzar la seguridad ciudadana, la salud mental, la seguridad alimentaria y el acceso a servicios b\u00e1sicos, para evitar que m\u00e1s hondure\u00f1os se vean obligados a salir del pa\u00eds en busca de mejores oportunidades.<\/p>\n","protected":false},"excerpt":{"rendered":"<p>El\u00a0Comisionado Nacional de los Derechos Humanos (Conadeh)\u00a0expres\u00f3 su preocupaci\u00f3n por la vulnerabilidad en la que quedan m\u00e1s de 50,000 hondure\u00f1os tras la decisi\u00f3n de una corte de Estados Unidos de suspender la extensi\u00f3n autom\u00e1tica del Estatus de Protecci\u00f3n Temporal (TPS). La coordinadora de la Defensor\u00eda de Movilidad Humana del Conadeh, Elsy Reyes, calific\u00f3 la resoluci\u00f3n [&hellip;]<\/p>\n","protected":false},"author":2,"featured_media":4149,"comment_status":"closed","ping_status":"open","sticky":false,"template":"","format":"standard","meta":{"_seopress_robots_primary_cat":"","_seopress_titles_title":"","_seopress_titles_desc":"","_seopress_robots_index":"","footnotes":""},"categories":[1],"tags":[],"class_list":["post-4148","post","type-post","status-publish","format-standard","has-post-thumbnail","hentry","category-sin-categoria"],"_links":{"self":[{"href":"https:\/\/girasolmultimedios.com\/portal\/wp-json\/wp\/v2\/posts\/4148","targetHints":{"allow":["GET"]}}],"collection":[{"href":"https:\/\/girasolmultimedios.com\/portal\/wp-json\/wp\/v2\/posts"}],"about":[{"href":"https:\/\/girasolmultimedios.com\/portal\/wp-json\/wp\/v2\/types\/post"}],"author":[{"embeddable":true,"href":"https:\/\/girasolmultimedios.com\/portal\/wp-json\/wp\/v2\/users\/2"}],"replies":[{"embeddable":true,"href":"https:\/\/girasolmultimedios.com\/portal\/wp-json\/wp\/v2\/comments?post=4148"}],"version-history":[{"count":1,"href":"https:\/\/girasolmultimedios.com\/portal\/wp-json\/wp\/v2\/posts\/4148\/revisions"}],"predecessor-version":[{"id":4150,"href":"https:\/\/girasolmultimedios.com\/portal\/wp-json\/wp\/v2\/posts\/4148\/revisions\/4150"}],"wp:featuredmedia":[{"embeddable":true,"href":"https:\/\/girasolmultimedios.com\/portal\/wp-json\/wp\/v2\/media\/4149"}],"wp:attachment":[{"href":"https:\/\/girasolmultimedios.com\/portal\/wp-json\/wp\/v2\/media?parent=4148"}],"wp:term":[{"taxonomy":"category","embeddable":true,"href":"https:\/\/girasolmultimedios.com\/portal\/wp-json\/wp\/v2\/categories?post=4148"},{"taxonomy":"post_tag","embeddable":true,"href":"https:\/\/girasolmultimedios.com\/portal\/wp-json\/wp\/v2\/tags?post=4148"}],"curies":[{"name":"wp","href":"https:\/\/api.w.org\/{rel}","templated":true}]}}