{"id":4161,"date":"2026-02-16T09:52:06","date_gmt":"2026-02-16T15:52:06","guid":{"rendered":"https:\/\/girasolmultimedios.com\/portal\/?p=4161"},"modified":"2026-02-16T09:52:06","modified_gmt":"2026-02-16T15:52:06","slug":"conductor-muere-tras-aparatoso-choque-en-la-ca-5-a-la-altura-de-amarateca","status":"publish","type":"post","link":"https:\/\/girasolmultimedios.com\/portal\/conductor-muere-tras-aparatoso-choque-en-la-ca-5-a-la-altura-de-amarateca\/","title":{"rendered":"Conductor muere tras aparatoso choque en la CA-5, a la altura de Amarateca"},"content":{"rendered":"\n<p>Un fuerte accidente de tr\u00e1nsito se registr\u00f3 este lunes en la carretera CA-5, a la altura de la colonia El H\u00e1bitat, en el sector de Amarateca, departamento de Francisco Moraz\u00e1n, dejando como resultado preliminar una persona fallecida.<\/p>\n\n\n\n<p>De acuerdo con la informaci\u00f3n inicial, el conductor de uno de los veh\u00edculos involucrados perdi\u00f3 la vida tras el aparatoso impacto. Sin embargo, las autoridades a\u00fan no han confirmado oficialmente su identidad.<\/p>\n\n\n\n<p>Testigos en la zona alertaron sobre el violento choque, que gener\u00f3 congesti\u00f3n vehicular en uno de los principales ejes carreteros del pa\u00eds.<\/p>\n\n\n\n<p>Al lugar se desplazaron equipos de emergencia y agentes de la Polic\u00eda Nacional para acordonar el \u00e1rea, realizar las primeras diligencias e iniciar la investigaci\u00f3n correspondiente que permita determinar las causas del accidente.<\/p>\n\n\n\n<p>Hasta el momento, se desconoce si hay m\u00e1s personas heridas o el estado de salud de posibles afectados, por lo que se espera un informe oficial en las pr\u00f3ximas horas.<\/p>\n","protected":false},"excerpt":{"rendered":"<p>Un fuerte accidente de tr\u00e1nsito se registr\u00f3 este lunes en la carretera CA-5, a la altura de la colonia El H\u00e1bitat, en el sector de Amarateca, departamento de Francisco Moraz\u00e1n, dejando como resultado preliminar una persona fallecida. De acuerdo con la informaci\u00f3n inicial, el conductor de uno de los veh\u00edculos involucrados perdi\u00f3 la vida tras [&hellip;]<\/p>\n","protected":false},"author":2,"featured_media":4162,"comment_status":"closed","ping_status":"open","sticky":false,"template":"","format":"standard","meta":{"_seopress_robots_primary_cat":"","_seopress_titles_title":"","_seopress_titles_desc":"","_seopress_robots_index":"","footnotes":""},"categories":[1],"tags":[],"class_list":["post-4161","post","type-post","status-publish","format-standard","has-post-thumbnail","hentry","category-sin-categoria"],"_links":{"self":[{"href":"https:\/\/girasolmultimedios.com\/portal\/wp-json\/wp\/v2\/posts\/4161","targetHints":{"allow":["GET"]}}],"collection":[{"href":"https:\/\/girasolmultimedios.com\/portal\/wp-json\/wp\/v2\/posts"}],"about":[{"href":"https:\/\/girasolmultimedios.com\/portal\/wp-json\/wp\/v2\/types\/post"}],"author":[{"embeddable":true,"href":"https:\/\/girasolmultimedios.com\/portal\/wp-json\/wp\/v2\/users\/2"}],"replies":[{"embeddable":true,"href":"https:\/\/girasolmultimedios.com\/portal\/wp-json\/wp\/v2\/comments?post=4161"}],"version-history":[{"count":1,"href":"https:\/\/girasolmultimedios.com\/portal\/wp-json\/wp\/v2\/posts\/4161\/revisions"}],"predecessor-version":[{"id":4163,"href":"https:\/\/girasolmultimedios.com\/portal\/wp-json\/wp\/v2\/posts\/4161\/revisions\/4163"}],"wp:featuredmedia":[{"embeddable":true,"href":"https:\/\/girasolmultimedios.com\/portal\/wp-json\/wp\/v2\/media\/4162"}],"wp:attachment":[{"href":"https:\/\/girasolmultimedios.com\/portal\/wp-json\/wp\/v2\/media?parent=4161"}],"wp:term":[{"taxonomy":"category","embeddable":true,"href":"https:\/\/girasolmultimedios.com\/portal\/wp-json\/wp\/v2\/categories?post=4161"},{"taxonomy":"post_tag","embeddable":true,"href":"https:\/\/girasolmultimedios.com\/portal\/wp-json\/wp\/v2\/tags?post=4161"}],"curies":[{"name":"wp","href":"https:\/\/api.w.org\/{rel}","templated":true}]}}