{"id":4174,"date":"2026-02-16T10:05:10","date_gmt":"2026-02-16T16:05:10","guid":{"rendered":"https:\/\/girasolmultimedios.com\/portal\/?p=4174"},"modified":"2026-02-16T10:05:11","modified_gmt":"2026-02-16T16:05:11","slug":"policia-intervendra-hasta-100-barrios-con-repotenciacion-de-ciudades-seguras","status":"publish","type":"post","link":"https:\/\/girasolmultimedios.com\/portal\/policia-intervendra-hasta-100-barrios-con-repotenciacion-de-ciudades-seguras\/","title":{"rendered":"Polic\u00eda intervendr\u00e1 hasta 100 barrios con repotenciaci\u00f3n de \u201cCiudades Seguras\u201d"},"content":{"rendered":"\n<p>El subdirector de la Polic\u00eda Nacional de\u00a0Honduras, John Anthony Cole, inform\u00f3 que la instituci\u00f3n ha iniciado un proceso de repotencializaci\u00f3n del programa Ciudades Seguras, con el objetivo de reforzar la seguridad ciudadana en los sectores m\u00e1s vulnerables del pa\u00eds.<\/p>\n\n\n\n<p>Seg\u00fan explic\u00f3 el alto oficial, actualmente se desarrollan operativos constantes y ya se han identificado entre 50 y 100 barrios prioritarios que ser\u00e1n intervenidos con fuertes dispositivos de seguridad, especialmente en la capital hondure\u00f1a.<\/p>\n\n\n\n<p>\u201cTenemos una buena cantidad de personal para ejecutar estos dispositivos. Contamos con agentes en el transporte urbano y en la protecci\u00f3n directa del ciudadano\u201d, se\u00f1al\u00f3 Cole.<\/p>\n\n\n\n<p><br>El funcionario detall\u00f3 que tambi\u00e9n se est\u00e1n llevando a cabo operaciones especiales orientadas a la captura de objetivos de alto inter\u00e9s, como parte del plan integral de barrios y comunidades seguras, el cual ya se encuentra en ejecuci\u00f3n.<\/p>\n\n\n\n<p>Asimismo, adelant\u00f3 que pr\u00f3ximamente se implementar\u00e1 una estrategia m\u00e1s amplia que ser\u00e1 presentada oficialmente por el ministro de Seguridad, como parte del fortalecimiento institucional en materia de combate a la criminalidad.<\/p>\n\n\n\n<h4 class=\"wp-block-heading\"><strong>Llamado a prudencia ante declaraciones regionales<\/strong><\/h4>\n\n\n\n<p>En relaci\u00f3n con recientes declaraciones del presidente de El Salvador, Nayib Bukele, sobre temas de seguridad regional, Cole recomend\u00f3 cautela en el manejo de la informaci\u00f3n.<\/p>\n\n\n\n<p>\u201cCada quien tiene derecho a opinar, pero muchas veces se desconocen las interioridades de otros pa\u00edses. Hay que escuchar a nuestras autoridades, porque somos nosotros los responsables de la seguridad interna\u201d, expres\u00f3.<\/p>\n\n\n\n<p>Finalmente, reiter\u00f3 que la Polic\u00eda Nacional tiene planificado intervenir los puntos m\u00e1s problem\u00e1ticos de las ciudades, movilizando la mayor cantidad de efectivos disponibles para incrementar la presencia policial y brindar mayor tranquilidad a la poblaci\u00f3n.<\/p>\n","protected":false},"excerpt":{"rendered":"<p>El subdirector de la Polic\u00eda Nacional de\u00a0Honduras, John Anthony Cole, inform\u00f3 que la instituci\u00f3n ha iniciado un proceso de repotencializaci\u00f3n del programa Ciudades Seguras, con el objetivo de reforzar la seguridad ciudadana en los sectores m\u00e1s vulnerables del pa\u00eds. Seg\u00fan explic\u00f3 el alto oficial, actualmente se desarrollan operativos constantes y ya se han identificado entre [&hellip;]<\/p>\n","protected":false},"author":2,"featured_media":4175,"comment_status":"closed","ping_status":"open","sticky":false,"template":"","format":"standard","meta":{"_seopress_robots_primary_cat":"","_seopress_titles_title":"","_seopress_titles_desc":"","_seopress_robots_index":"","footnotes":""},"categories":[1],"tags":[],"class_list":["post-4174","post","type-post","status-publish","format-standard","has-post-thumbnail","hentry","category-sin-categoria"],"_links":{"self":[{"href":"https:\/\/girasolmultimedios.com\/portal\/wp-json\/wp\/v2\/posts\/4174","targetHints":{"allow":["GET"]}}],"collection":[{"href":"https:\/\/girasolmultimedios.com\/portal\/wp-json\/wp\/v2\/posts"}],"about":[{"href":"https:\/\/girasolmultimedios.com\/portal\/wp-json\/wp\/v2\/types\/post"}],"author":[{"embeddable":true,"href":"https:\/\/girasolmultimedios.com\/portal\/wp-json\/wp\/v2\/users\/2"}],"replies":[{"embeddable":true,"href":"https:\/\/girasolmultimedios.com\/portal\/wp-json\/wp\/v2\/comments?post=4174"}],"version-history":[{"count":1,"href":"https:\/\/girasolmultimedios.com\/portal\/wp-json\/wp\/v2\/posts\/4174\/revisions"}],"predecessor-version":[{"id":4176,"href":"https:\/\/girasolmultimedios.com\/portal\/wp-json\/wp\/v2\/posts\/4174\/revisions\/4176"}],"wp:featuredmedia":[{"embeddable":true,"href":"https:\/\/girasolmultimedios.com\/portal\/wp-json\/wp\/v2\/media\/4175"}],"wp:attachment":[{"href":"https:\/\/girasolmultimedios.com\/portal\/wp-json\/wp\/v2\/media?parent=4174"}],"wp:term":[{"taxonomy":"category","embeddable":true,"href":"https:\/\/girasolmultimedios.com\/portal\/wp-json\/wp\/v2\/categories?post=4174"},{"taxonomy":"post_tag","embeddable":true,"href":"https:\/\/girasolmultimedios.com\/portal\/wp-json\/wp\/v2\/tags?post=4174"}],"curies":[{"name":"wp","href":"https:\/\/api.w.org\/{rel}","templated":true}]}}