{"id":4180,"date":"2026-02-17T07:44:22","date_gmt":"2026-02-17T13:44:22","guid":{"rendered":"https:\/\/girasolmultimedios.com\/portal\/?p=4180"},"modified":"2026-02-17T07:47:29","modified_gmt":"2026-02-17T13:47:29","slug":"investigan-a-un-hombre-en-suecia-por-prostituir-a-su-esposa-en-un-centenar-de-casos","status":"publish","type":"post","link":"https:\/\/girasolmultimedios.com\/portal\/investigan-a-un-hombre-en-suecia-por-prostituir-a-su-esposa-en-un-centenar-de-casos\/","title":{"rendered":"Investigan a un hombre en Suecia por prostituir a su esposa en un centenar de casos"},"content":{"rendered":"\n<p>La Fiscal\u00eda sueca investiga a un sexagenario sospechoso de haber vendido durante a\u00f1os a m\u00e1s de un centenar de hombres los servicios sexuales de su esposa, inform\u00f3 este martes la televisi\u00f3n p\u00fablica SVT.<\/p>\n\n\n\n<p>El individuo, residente en la localidad de \u00c5ngermanland (norte de Suecia), obtuvo una compensaci\u00f3n econ\u00f3mica a cambio de esos servicios.<br><br>El hombre, que lleva detenido desde octubre tras una denuncia de su mujer -con la que est\u00e1 en tr\u00e1mites de divorcio- est\u00e1 siendo investigado por proxenetismo grave.<\/p>\n\n\n\n<p>\u00abConsidero que hablamos de proxenetismo a gran escala y que implic\u00f3 una explotaci\u00f3n desconsiderada de la demandante\u00bb, declar\u00f3 a la emisora p\u00fablica Radio de Suecia la fiscal Ida Annerstedt.<\/p>\n\n\n\n<h2 class=\"wp-block-heading\" id=\"h-prostituida-durante-mas-de-tres-anos\">Prostituida durante m\u00e1s de tres a\u00f1os<\/h2>\n\n\n\n<p>Seg\u00fan SVT, se trata tanto de encuentros f\u00edsicos como a trav\u00e9s de internet, que se produjeron durante unos tres a\u00f1os y medio, y en los que puede haber hasta 120 hombres implicados.<\/p>\n\n\n\n<p>La Fiscal\u00eda planea elevar una acusaci\u00f3n formal el pr\u00f3ximo 13 de marzo y que el juicio se celebre semanas despu\u00e9s.<\/p>\n\n\n\n<p>Al individuo ya se le investig\u00f3 hace dos a\u00f1os por abusos a su mujer, aunque el caso fue cerrado.<\/p>\n\n\n\n<p>En esta ocasi\u00f3n, el acusado se declara inocente de los cargos, que est\u00e1n bajo secreto de sumario, seg\u00fan SVT.<\/p>\n\n\n\n<h2 class=\"wp-block-heading\" id=\"h-otras-condenas\">Otras condenas<\/h2>\n\n\n\n<p>El hombre, que en el pasado estuvo vinculado a la banda de moteros \u00ab\u00c1ngeles del Infierno\u00bb, ha sido condenado con anterioridad por maltrato y coerci\u00f3n, entre otros delitos, y cumpli\u00f3 una pena de c\u00e1rcel de cinco meses, de acuerdo con medios suecos.<\/p>\n\n\n\n<p>El caso ha provocado comparaciones con el de la francesa\u00a0Gis\u00e8le Pelicot, cuyo esposo fue condenado a 20 a\u00f1os de prisi\u00f3n por haberla ofrecido a medio centenar de personas para que fuera violada mientras estaba drogada entre 2011 y 2020. EFE<\/p>\n","protected":false},"excerpt":{"rendered":"<p>La Fiscal\u00eda sueca investiga a un sexagenario sospechoso de haber vendido durante a\u00f1os a m\u00e1s de un centenar de hombres los servicios sexuales de su esposa, inform\u00f3 este martes la televisi\u00f3n p\u00fablica SVT. El individuo, residente en la localidad de \u00c5ngermanland (norte de Suecia), obtuvo una compensaci\u00f3n econ\u00f3mica a cambio de esos servicios. El hombre, [&hellip;]<\/p>\n","protected":false},"author":2,"featured_media":4181,"comment_status":"closed","ping_status":"open","sticky":false,"template":"","format":"standard","meta":{"_seopress_robots_primary_cat":"","_seopress_titles_title":"","_seopress_titles_desc":"","_seopress_robots_index":"","footnotes":""},"categories":[45],"tags":[],"class_list":["post-4180","post","type-post","status-publish","format-standard","has-post-thumbnail","hentry","category-internacionales"],"_links":{"self":[{"href":"https:\/\/girasolmultimedios.com\/portal\/wp-json\/wp\/v2\/posts\/4180","targetHints":{"allow":["GET"]}}],"collection":[{"href":"https:\/\/girasolmultimedios.com\/portal\/wp-json\/wp\/v2\/posts"}],"about":[{"href":"https:\/\/girasolmultimedios.com\/portal\/wp-json\/wp\/v2\/types\/post"}],"author":[{"embeddable":true,"href":"https:\/\/girasolmultimedios.com\/portal\/wp-json\/wp\/v2\/users\/2"}],"replies":[{"embeddable":true,"href":"https:\/\/girasolmultimedios.com\/portal\/wp-json\/wp\/v2\/comments?post=4180"}],"version-history":[{"count":1,"href":"https:\/\/girasolmultimedios.com\/portal\/wp-json\/wp\/v2\/posts\/4180\/revisions"}],"predecessor-version":[{"id":4182,"href":"https:\/\/girasolmultimedios.com\/portal\/wp-json\/wp\/v2\/posts\/4180\/revisions\/4182"}],"wp:featuredmedia":[{"embeddable":true,"href":"https:\/\/girasolmultimedios.com\/portal\/wp-json\/wp\/v2\/media\/4181"}],"wp:attachment":[{"href":"https:\/\/girasolmultimedios.com\/portal\/wp-json\/wp\/v2\/media?parent=4180"}],"wp:term":[{"taxonomy":"category","embeddable":true,"href":"https:\/\/girasolmultimedios.com\/portal\/wp-json\/wp\/v2\/categories?post=4180"},{"taxonomy":"post_tag","embeddable":true,"href":"https:\/\/girasolmultimedios.com\/portal\/wp-json\/wp\/v2\/tags?post=4180"}],"curies":[{"name":"wp","href":"https:\/\/api.w.org\/{rel}","templated":true}]}}