{"id":4189,"date":"2026-02-17T09:43:35","date_gmt":"2026-02-17T15:43:35","guid":{"rendered":"https:\/\/girasolmultimedios.com\/portal\/?p=4189"},"modified":"2026-02-17T09:43:36","modified_gmt":"2026-02-17T15:43:36","slug":"transportistas-piden-al-ihtt-cancelar-concesiones-otorgadas-en-administracion-anterior","status":"publish","type":"post","link":"https:\/\/girasolmultimedios.com\/portal\/transportistas-piden-al-ihtt-cancelar-concesiones-otorgadas-en-administracion-anterior\/","title":{"rendered":"Transportistas piden al IHTT cancelar concesiones otorgadas en administraci\u00f3n anterior"},"content":{"rendered":"\n<p>Dirigentes del sector transporte instaron a las nuevas autoridades del Instituto Hondure\u00f1o del Transporte Terrestre (IHTT) a realizar una revisi\u00f3n exhaustiva y cancelar las concesiones otorgadas durante la gesti\u00f3n del excomisionado Rafael Barahona, al considerar que afectan la equidad y estabilidad en varios corredores viales del pa\u00eds.<\/p>\n\n\n\n<p>Jorge Lanza, reconocido dirigente del transporte, hizo un llamado directo a los tres nuevos comisionados recientemente juramentados \u2014Emilio Josu\u00e9 Maldonado (presidente), Ana Belinda Valenzuela y Maynor Edgardo Canales\u2014 para que investiguen el proceso de entrega de estos permisos.<\/p>\n\n\n\n<p>\u201cLas nuevas autoridades deben hacer una revisi\u00f3n inmediata. No es justo que personas en ciertos corredores tengan que ser afectados con un mayor n\u00famero de unidades que les han asignado a personas ya saliendo las autoridades de la gesti\u00f3n pasada. El se\u00f1or Barahona deber\u00e1 rendir cuentas sobre esto\u201d, expres\u00f3 Lanza.<\/p>\n\n\n\n<p>El l\u00edder transportista se\u00f1al\u00f3 que la situaci\u00f3n ha generado dificultades significativas para muchos operadores, con rutas saturadas y unidades detenidas en varios puntos del pa\u00eds. Aunque no precis\u00f3 una cifra exacta, estim\u00f3 que las concesiones cuestionadas podr\u00edan rondar las 500 en diferentes regiones.<\/p>\n","protected":false},"excerpt":{"rendered":"<p>Dirigentes del sector transporte instaron a las nuevas autoridades del Instituto Hondure\u00f1o del Transporte Terrestre (IHTT) a realizar una revisi\u00f3n exhaustiva y cancelar las concesiones otorgadas durante la gesti\u00f3n del excomisionado Rafael Barahona, al considerar que afectan la equidad y estabilidad en varios corredores viales del pa\u00eds. Jorge Lanza, reconocido dirigente del transporte, hizo un [&hellip;]<\/p>\n","protected":false},"author":2,"featured_media":4190,"comment_status":"closed","ping_status":"open","sticky":false,"template":"","format":"standard","meta":{"_seopress_robots_primary_cat":"","_seopress_titles_title":"","_seopress_titles_desc":"","_seopress_robots_index":"","footnotes":""},"categories":[1],"tags":[],"class_list":["post-4189","post","type-post","status-publish","format-standard","has-post-thumbnail","hentry","category-sin-categoria"],"_links":{"self":[{"href":"https:\/\/girasolmultimedios.com\/portal\/wp-json\/wp\/v2\/posts\/4189","targetHints":{"allow":["GET"]}}],"collection":[{"href":"https:\/\/girasolmultimedios.com\/portal\/wp-json\/wp\/v2\/posts"}],"about":[{"href":"https:\/\/girasolmultimedios.com\/portal\/wp-json\/wp\/v2\/types\/post"}],"author":[{"embeddable":true,"href":"https:\/\/girasolmultimedios.com\/portal\/wp-json\/wp\/v2\/users\/2"}],"replies":[{"embeddable":true,"href":"https:\/\/girasolmultimedios.com\/portal\/wp-json\/wp\/v2\/comments?post=4189"}],"version-history":[{"count":1,"href":"https:\/\/girasolmultimedios.com\/portal\/wp-json\/wp\/v2\/posts\/4189\/revisions"}],"predecessor-version":[{"id":4191,"href":"https:\/\/girasolmultimedios.com\/portal\/wp-json\/wp\/v2\/posts\/4189\/revisions\/4191"}],"wp:featuredmedia":[{"embeddable":true,"href":"https:\/\/girasolmultimedios.com\/portal\/wp-json\/wp\/v2\/media\/4190"}],"wp:attachment":[{"href":"https:\/\/girasolmultimedios.com\/portal\/wp-json\/wp\/v2\/media?parent=4189"}],"wp:term":[{"taxonomy":"category","embeddable":true,"href":"https:\/\/girasolmultimedios.com\/portal\/wp-json\/wp\/v2\/categories?post=4189"},{"taxonomy":"post_tag","embeddable":true,"href":"https:\/\/girasolmultimedios.com\/portal\/wp-json\/wp\/v2\/tags?post=4189"}],"curies":[{"name":"wp","href":"https:\/\/api.w.org\/{rel}","templated":true}]}}