{"id":4202,"date":"2026-02-17T09:55:13","date_gmt":"2026-02-17T15:55:13","guid":{"rendered":"https:\/\/girasolmultimedios.com\/portal\/?p=4202"},"modified":"2026-02-17T09:55:14","modified_gmt":"2026-02-17T15:55:14","slug":"requerimiento-fiscal-contra-doctora-por-presuntos-tratos-degradantes-contra-residente","status":"publish","type":"post","link":"https:\/\/girasolmultimedios.com\/portal\/requerimiento-fiscal-contra-doctora-por-presuntos-tratos-degradantes-contra-residente\/","title":{"rendered":"Requerimiento fiscal contra doctora por presuntos tratos degradantes contra residente"},"content":{"rendered":"\n<p>La Fiscal\u00eda Especial de Derechos Humanos (FEDH), present\u00f3 requerimiento fiscal contra la doctora Diana Vanessa Sierra Amador, a quien se le supone responsable del delito de tratos crueles, inhumanos o degradantes en perjuicio de una m\u00e9dica que cursaba el Postgrado de Otorrinolaringolog\u00eda en la Universidad Nacional Aut\u00f3noma de\u00a0Honduras\u00a0(UNAH), durante el a\u00f1o 2022.<\/p>\n\n\n\n<p>De acuerdo con las investigaciones dirigidas por la FEDH, desde el inicio de la especialidad la doctora Enid Valle habr\u00eda sido objeto de un trato desigual, despectivo y humillante por parte de la acusada, quien en ese momento se desempe\u00f1aba como coordinadora acad\u00e9mica del postgrado.<\/p>\n\n\n\n<p>Las diligencias establecen que la situaci\u00f3n se intensific\u00f3 en noviembre de 2022, cuando presuntamente, Sierra Amador, intent\u00f3 expulsar a la ofendida bajo la acusaci\u00f3n de negligencia m\u00e9dica por la supuesta muerte de un paciente; sin embargo, se constat\u00f3 que dicha afirmaci\u00f3n era falsa, ya que el paciente se encontraba con vida. Posteriormente, la doctora Valle fue sometida a reiteradas audiencias de descargo, en un contexto que, seg\u00fan la investigaci\u00f3n fiscal ten\u00eda como finalidad afectar su carrera profesional.<\/p>\n\n\n\n<p>Asimismo, se document\u00f3 que la acusada habr\u00eda lesionado la imagen e integridad moral de la v\u00edctima al difundir una fotograf\u00eda de car\u00e1cter privado, situaci\u00f3n que motiv\u00f3 la interposici\u00f3n de una acci\u00f3n penal por el delito de descubrimiento y revelaci\u00f3n de secretos, proceso por el cual la doctora Sierra fue sentenciada en el a\u00f1o 2025.<\/p>\n","protected":false},"excerpt":{"rendered":"<p>La Fiscal\u00eda Especial de Derechos Humanos (FEDH), present\u00f3 requerimiento fiscal contra la doctora Diana Vanessa Sierra Amador, a quien se le supone responsable del delito de tratos crueles, inhumanos o degradantes en perjuicio de una m\u00e9dica que cursaba el Postgrado de Otorrinolaringolog\u00eda en la Universidad Nacional Aut\u00f3noma de\u00a0Honduras\u00a0(UNAH), durante el a\u00f1o 2022. De acuerdo con [&hellip;]<\/p>\n","protected":false},"author":2,"featured_media":4203,"comment_status":"closed","ping_status":"open","sticky":false,"template":"","format":"standard","meta":{"_seopress_robots_primary_cat":"","_seopress_titles_title":"","_seopress_titles_desc":"","_seopress_robots_index":"","footnotes":""},"categories":[1],"tags":[],"class_list":["post-4202","post","type-post","status-publish","format-standard","has-post-thumbnail","hentry","category-sin-categoria"],"_links":{"self":[{"href":"https:\/\/girasolmultimedios.com\/portal\/wp-json\/wp\/v2\/posts\/4202","targetHints":{"allow":["GET"]}}],"collection":[{"href":"https:\/\/girasolmultimedios.com\/portal\/wp-json\/wp\/v2\/posts"}],"about":[{"href":"https:\/\/girasolmultimedios.com\/portal\/wp-json\/wp\/v2\/types\/post"}],"author":[{"embeddable":true,"href":"https:\/\/girasolmultimedios.com\/portal\/wp-json\/wp\/v2\/users\/2"}],"replies":[{"embeddable":true,"href":"https:\/\/girasolmultimedios.com\/portal\/wp-json\/wp\/v2\/comments?post=4202"}],"version-history":[{"count":1,"href":"https:\/\/girasolmultimedios.com\/portal\/wp-json\/wp\/v2\/posts\/4202\/revisions"}],"predecessor-version":[{"id":4204,"href":"https:\/\/girasolmultimedios.com\/portal\/wp-json\/wp\/v2\/posts\/4202\/revisions\/4204"}],"wp:featuredmedia":[{"embeddable":true,"href":"https:\/\/girasolmultimedios.com\/portal\/wp-json\/wp\/v2\/media\/4203"}],"wp:attachment":[{"href":"https:\/\/girasolmultimedios.com\/portal\/wp-json\/wp\/v2\/media?parent=4202"}],"wp:term":[{"taxonomy":"category","embeddable":true,"href":"https:\/\/girasolmultimedios.com\/portal\/wp-json\/wp\/v2\/categories?post=4202"},{"taxonomy":"post_tag","embeddable":true,"href":"https:\/\/girasolmultimedios.com\/portal\/wp-json\/wp\/v2\/tags?post=4202"}],"curies":[{"name":"wp","href":"https:\/\/api.w.org\/{rel}","templated":true}]}}