{"id":4208,"date":"2026-02-17T10:03:09","date_gmt":"2026-02-17T16:03:09","guid":{"rendered":"https:\/\/girasolmultimedios.com\/portal\/?p=4208"},"modified":"2026-02-17T10:03:10","modified_gmt":"2026-02-17T16:03:10","slug":"finanzas-da-luz-verde-al-cierre-y-fusion-de-37-instituciones-con-ley-de-emergencia-fiscal","status":"publish","type":"post","link":"https:\/\/girasolmultimedios.com\/portal\/finanzas-da-luz-verde-al-cierre-y-fusion-de-37-instituciones-con-ley-de-emergencia-fiscal\/","title":{"rendered":"Finanzas da \u201cluz verde\u201d al cierre y fusi\u00f3n de 37 instituciones con Ley de Emergencia Fiscal"},"content":{"rendered":"\n<p>La Secretar\u00eda de Finanzas, present\u00f3 en el Congreso Nacional, la Ley de Emergencia Fiscal y Financiera ante el deterioro sostenido de las cuentas p\u00fablicas, limitaciones severas de liquidez y una reducci\u00f3n progresiva de la capacidad estatal para atender de manera oportuna y eficaz sus obligaciones constitucionales y legales<\/p>\n\n\n\n<p>La iniciativa, presentada en la \u00faltima sesi\u00f3n del Legislativo, se argumenta que su surge como una respuesta institucional, responsable y jur\u00eddicamente fundada ante la necesidad de adoptar medidas excepcionales y temporales que permitan corregir los desequilibrios existentes, restablecer el orden financiero del Estado y sentar las bases para una recuperaci\u00f3n econ\u00f3mica sostenible.<\/p>\n\n\n\n<p>La Ley de Emergencia Financiera se concibe dentro del marco de la Constituci\u00f3n de la Rep\u00fablica, respetando plenamente el Estado de Derecho, el principio de legalidad y la separaci\u00f3n de poderes, se precisa en la exposici\u00f3n de motivos de la iniciativa.<\/p>\n\n\n\n<p>Se justifica que la normativa tiene fundamento constitucional, entre otros, en el Art\u00edculo 245, Numeral 20), de la Constituci\u00f3n de la Rep\u00fablica, que faculta al presidente a dictar medidas extraordinarias en materia econ\u00f3mica y financiera cuando as\u00ed lo requiera el inter\u00e9s nacional.<\/p>\n\n\n\n<p>La iniciativa, seg\u00fan la exposici\u00f3n de motivos, tambi\u00e9n se fundamenta en el Art\u00edculo 205, numeral 1), que atribuye al Congreso Nacional la potestad de crear y decretar leyes.<\/p>\n\n\n\n<p>La intervenci\u00f3n legislativa resulta indispensable para dotar de certeza jur\u00eddica, control democr\u00e1tico y l\u00edmites temporales a las medidas extraordinarias que demanda la coyuntura actual, se justifica<\/p>\n\n\n\n<p>El proyecto de la citada Ley reconoce que la crisis fiscal y financiera no es un fen\u00f3meno aislado ni transitorio, sino el resultado de factores estructurales acumulados, entre ellos el creciente endeudamiento p\u00fablico, debilidades en la planificaci\u00f3n, ejecuci\u00f3n y control del gasto, y una estructura administrativa que requiere procesos de racionalizaci\u00f3n y fortalecimiento institucional.<\/p>\n\n\n\n<p>En este contexto, la declaratoria de Estado de Emergencia Fiscal no implica la suspensi\u00f3n de derechos fundamentales ni la alteraci\u00f3n del orden constitucional, sino la habilitaci\u00f3n de un r\u00e9gimen excepcional de car\u00e1cter estrictamente fiscal y financiero, limitado en el tiempo y sujeto a mecanismos de control y rendici\u00f3n de cuentas.<a href=\"https:\/\/twitter.com\/intent\/tweet?text=Finanzas+da+%E2%80%9Cluz+verde%E2%80%9D+al+cierre+y+fusi%C3%B3n+de+37+instituciones+con+Ley+de+Emergencia+Fiscal&amp;url=https%3A%2F%2Fwww.latribuna.hn%2F2026%2F02%2F17%2Ffinanzas-da-luz-verde-al-cierre-y-fusion-de-37-instituciones-con-ley-de-emergencia-fiscal%2F\"><\/a><\/p>\n\n\n\n<p><a href=\"https:\/\/twitter.com\/intent\/tweet?text=Finanzas+da+%E2%80%9Cluz+verde%E2%80%9D+al+cierre+y+fusi%C3%B3n+de+37+instituciones+con+Ley+de+Emergencia+Fiscal&amp;url=https%3A%2F%2Fwww.latribuna.hn%2F2026%2F02%2F17%2Ffinanzas-da-luz-verde-al-cierre-y-fusion-de-37-instituciones-con-ley-de-emergencia-fiscal%2F\"><\/a><a href=\"https:\/\/api.whatsapp.com\/send?text=Finanzas+da+%E2%80%9Cluz+verde%E2%80%9D+al+cierre+y+fusi%C3%B3n+de+37+instituciones+con+Ley+de+Emergencia+Fiscal%20%0A%0A%20https:\/\/www.latribuna.hn\/2026\/02\/17\/finanzas-da-luz-verde-al-cierre-y-fusion-de-37-instituciones-con-ley-de-emergencia-fiscal\/\"><\/a><a href=\"mailto:?subject=Finanzas%20da%20%E2%80%9Cluz%20verde%E2%80%9D%20al%20cierre%20y%20fusi%C3%B3n%20de%2037%20instituciones%20con%20Ley%20de%20Emergencia%20Fiscal&amp;body=https:\/\/www.latribuna.hn\/2026\/02\/17\/finanzas-da-luz-verde-al-cierre-y-fusion-de-37-instituciones-con-ley-de-emergencia-fiscal\/\"><\/a><a href=\"https:\/\/www.latribuna.hn\/2026\/02\/17\/finanzas-da-luz-verde-al-cierre-y-fusion-de-37-instituciones-con-ley-de-emergencia-fiscal\/\"><\/a><\/p>\n\n\n\n<p><\/p>\n","protected":false},"excerpt":{"rendered":"<p>La Secretar\u00eda de Finanzas, present\u00f3 en el Congreso Nacional, la Ley de Emergencia Fiscal y Financiera ante el deterioro sostenido de las cuentas p\u00fablicas, limitaciones severas de liquidez y una reducci\u00f3n progresiva de la capacidad estatal para atender de manera oportuna y eficaz sus obligaciones constitucionales y legales La iniciativa, presentada en la \u00faltima sesi\u00f3n [&hellip;]<\/p>\n","protected":false},"author":2,"featured_media":4209,"comment_status":"closed","ping_status":"open","sticky":false,"template":"","format":"standard","meta":{"_seopress_robots_primary_cat":"","_seopress_titles_title":"","_seopress_titles_desc":"","_seopress_robots_index":"","footnotes":""},"categories":[1],"tags":[],"class_list":["post-4208","post","type-post","status-publish","format-standard","has-post-thumbnail","hentry","category-sin-categoria"],"_links":{"self":[{"href":"https:\/\/girasolmultimedios.com\/portal\/wp-json\/wp\/v2\/posts\/4208","targetHints":{"allow":["GET"]}}],"collection":[{"href":"https:\/\/girasolmultimedios.com\/portal\/wp-json\/wp\/v2\/posts"}],"about":[{"href":"https:\/\/girasolmultimedios.com\/portal\/wp-json\/wp\/v2\/types\/post"}],"author":[{"embeddable":true,"href":"https:\/\/girasolmultimedios.com\/portal\/wp-json\/wp\/v2\/users\/2"}],"replies":[{"embeddable":true,"href":"https:\/\/girasolmultimedios.com\/portal\/wp-json\/wp\/v2\/comments?post=4208"}],"version-history":[{"count":1,"href":"https:\/\/girasolmultimedios.com\/portal\/wp-json\/wp\/v2\/posts\/4208\/revisions"}],"predecessor-version":[{"id":4210,"href":"https:\/\/girasolmultimedios.com\/portal\/wp-json\/wp\/v2\/posts\/4208\/revisions\/4210"}],"wp:featuredmedia":[{"embeddable":true,"href":"https:\/\/girasolmultimedios.com\/portal\/wp-json\/wp\/v2\/media\/4209"}],"wp:attachment":[{"href":"https:\/\/girasolmultimedios.com\/portal\/wp-json\/wp\/v2\/media?parent=4208"}],"wp:term":[{"taxonomy":"category","embeddable":true,"href":"https:\/\/girasolmultimedios.com\/portal\/wp-json\/wp\/v2\/categories?post=4208"},{"taxonomy":"post_tag","embeddable":true,"href":"https:\/\/girasolmultimedios.com\/portal\/wp-json\/wp\/v2\/tags?post=4208"}],"curies":[{"name":"wp","href":"https:\/\/api.w.org\/{rel}","templated":true}]}}